{"id":25334,"date":"2022-12-07T17:33:12","date_gmt":"2022-12-07T23:33:12","guid":{"rendered":"http:\/\/elobservatorio.com.mx\/?p=25334"},"modified":"2022-12-07T17:35:49","modified_gmt":"2022-12-07T23:35:49","slug":"funcionarios-estatales-que-no-compareceran-es-porque-no-tienen-que-informar-por-glosa-del-informe-rigo-garcia","status":"publish","type":"post","link":"http:\/\/elobservatorio.com.mx\/?p=25334","title":{"rendered":"Funcionarios estatales que no comparecer\u00e1n por glosa del informe es porque no han trabajado: Rigo Garc\u00eda"},"content":{"rendered":"<p>*Gobernadora los oculta porque no funcionan, pero si cobran puntualmente, se\u00f1ala el diputado local<\/p>\n<p>*Encuestadora califica a la gobernadora en los \u00faltimos lugares, van de picada como si fueran en un tobog\u00e1n y seguro eso es lo que les ocupa, como agarrar m\u00e1s aviada para ubicarse en el \u00faltimo lugar de la calificaci\u00f3n.<\/p>\n<p>Colima, Col. El diputado Rigoberto Garc\u00eda Negrete, dijo que la gobernadora del Estado Indira Vizca\u00edno Silva, oculta a funcionarios \u00abPerezosos\u00bb al negarles que acudan a comparecer ante la sexag\u00e9sima legislatura para que hablen de su trabajo en el primer a\u00f1o de la titular del Ejecutivo.<\/p>\n<p>Al hacer uso de la voz, Garc\u00eda Negrete, en presencia de Los grupos parlamentarios del Partido Revolucionario Institucional (PRI) y Partido Acci\u00f3n Nacional (PAN) en una rueda de prensa para reiterar su inconformidad por la manera en que la fracci\u00f3n parlamentaria de Morena y las y los legisladores aliados, impusieron que \u00fanicamente comparezcan 5 secretarios y secretarias de la administraci\u00f3n estatal en la glosa del Primer Informe de Gobierno de Indira Vizca\u00edno Silva.<\/p>\n<p>Aunque no tengo comisi\u00f3n, pero si como legislador en el Congreso, Garc\u00eda Negrete, dijo, que van a informar, si no trabajaron, solo son cobra sueldos, hablan de que con el pueblo todo, sin el pueblo nada, y es al sector que tienen m\u00e1s castigado la actual administraci\u00f3n.<\/p>\n<p>Para poder informar, primero hay que trabajar y eso es algo que la mayor\u00eda de funcionarios de la actual administraci\u00f3n no ha hecho, traen un buen discurso y eso es todo, por algo la actual titular del poder ejecutivo est\u00e1 calificada en los \u00faltimos lugares, van de picada como si fueran en un tobog\u00e1n y seguro eso es lo que les ocupa, como agarrar m\u00e1s aviada para ubicarse en el \u00faltimo lugar de la calificaci\u00f3n.<\/p>\n<p>El subsecretario de desarrollo Rural, que ha hecho, solo presentarse a cobrar, porque de apoyos o incentivos a los productores ni un cucharada de fertilizante, que decir de alg\u00fan tipo de apoyo en lo econ\u00f3mico, y eso que este sector es de los que m\u00e1s empleos genera en el estado y creo que hasta en el pa\u00eds, pero no le han merecido ni una pizca de apoyo para que sigan produciendo y generando empleos.<\/p>\n<p>A\u00f1adi\u00f3 Garc\u00eda Negrete, pero no solo el sector agroproductor es el golpeado y olvidado, la ciudadan\u00eda en general est\u00e1 en el olvido, al no sentirse escuchados, nosotros como legisladores seguiremos trabajando y buscando generar las condiciones para que la sociedad se sienta escuchada y protegida, por el trabajo que rinde frutos es el que hacen sociedad y gobierno y como poder legislativo buscaremos generar las condiciones para que esto suceda.<\/p>\n<p>Ya para finalizar, se\u00f1alo los legisladores de Morena y aliados aprobaron que solo los titulares de la Secretar\u00eda de Bienestar, Inclusi\u00f3n Social y Mujeres, Dulce Azucena Huerta; de Educaci\u00f3n y Cultura, Adolfo N\u00fa\u00f1ez Gonz\u00e1lez; de la Secretar\u00eda de Planeaci\u00f3n, Finanzas y Administraci\u00f3n, Fabiola Verduzco Aparicio; de la Secretar\u00eda de Salud, Martha Janeth Espinosa Mej\u00eda, y de la Secretar\u00eda de Seguridad P\u00fablica, H\u00e9ctor Alfredo Castillo B\u00e1ez, comparezcan ante el Poder Legislativo.<\/p>\n","protected":false},"excerpt":{"rendered":"<p>*Gobernadora los oculta porque no funcionan, pero si cobran puntualmente, se\u00f1ala el diputado local *Encuestadora califica a la gobernadora en los \u00faltimos lugares, van de picada como si fueran en un tobog\u00e1n y seguro eso es lo que les ocupa, como agarrar m\u00e1s aviada para ubicarse en el \u00faltimo lugar de la calificaci\u00f3n. Colima, Col&#8230;.<\/p>\n","protected":false},"author":2,"featured_media":25335,"comment_status":"open","ping_status":"open","sticky":false,"template":"","format":"standard","meta":{"footnotes":""},"categories":[1],"tags":[29,30,28],"class_list":["post-25334","post","type-post","status-publish","format-standard","has-post-thumbnail","hentry","category-espacio-legislativo","tag-grid","tag-news","tag-slider"],"_links":{"self":[{"href":"http:\/\/elobservatorio.com.mx\/index.php?rest_route=\/wp\/v2\/posts\/25334"}],"collection":[{"href":"http:\/\/elobservatorio.com.mx\/index.php?rest_route=\/wp\/v2\/posts"}],"about":[{"href":"http:\/\/elobservatorio.com.mx\/index.php?rest_route=\/wp\/v2\/types\/post"}],"author":[{"embeddable":true,"href":"http:\/\/elobservatorio.com.mx\/index.php?rest_route=\/wp\/v2\/users\/2"}],"replies":[{"embeddable":true,"href":"http:\/\/elobservatorio.com.mx\/index.php?rest_route=%2Fwp%2Fv2%2Fcomments&post=25334"}],"version-history":[{"count":0,"href":"http:\/\/elobservatorio.com.mx\/index.php?rest_route=\/wp\/v2\/posts\/25334\/revisions"}],"wp:featuredmedia":[{"embeddable":true,"href":"http:\/\/elobservatorio.com.mx\/index.php?rest_route=\/wp\/v2\/media\/25335"}],"wp:attachment":[{"href":"http:\/\/elobservatorio.com.mx\/index.php?rest_route=%2Fwp%2Fv2%2Fmedia&parent=25334"}],"wp:term":[{"taxonomy":"category","embeddable":true,"href":"http:\/\/elobservatorio.com.mx\/index.php?rest_route=%2Fwp%2Fv2%2Fcategories&post=25334"},{"taxonomy":"post_tag","embeddable":true,"href":"http:\/\/elobservatorio.com.mx\/index.php?rest_route=%2Fwp%2Fv2%2Ftags&post=25334"}],"curies":[{"name":"wp","href":"https:\/\/api.w.org\/{rel}","templated":true}]}}