{"id":25339,"date":"2022-12-07T23:29:41","date_gmt":"2022-12-08T05:29:41","guid":{"rendered":"http:\/\/elobservatorio.com.mx\/?p=25339"},"modified":"2022-12-07T23:30:49","modified_gmt":"2022-12-08T05:30:49","slug":"sentencian-a-16-anos-de-carcel-a-ex-presidente-de-guatemala-por-corrupcion","status":"publish","type":"post","link":"http:\/\/elobservatorio.com.mx\/?p=25339","title":{"rendered":"Sentencian a 16 a\u00f1os de c\u00e1rcel a ex presidente de Guatemala, por corrupci\u00f3n"},"content":{"rendered":"<p><em>* Otto P\u00e9rez es acusado de asociaci\u00f3n il\u00edcita y por ser c\u00f3mplice responsable del delito de casos especiales de defraudaci\u00f3n aduanera<\/em><\/p>\n<p>Un tribunal penal de Guatemala conden\u00f3 este mi\u00e9rcoles al expresidente Otto P\u00e9rez, un general retirado, a 16 a\u00f1os de prisi\u00f3n inconmutables por un fraude en las aduanas que lo oblig\u00f3 a renunciar en 2015, tres a\u00f1os despu\u00e9s de asumir el poder.<\/p>\n<p>Otto P\u00e9rez \u201ces penalmente responsable en concurso real de los delitos: autor del delito de asociaci\u00f3n il\u00edcita y por ser c\u00f3mplice responsable del delito de casos especiales de defraudaci\u00f3n aduanera\u201d, dijo la presidenta del Tribunal de Mayor Riesgo B de la capital, Irma Jeannette Vald\u00e9s, al leer la sentencia.<\/p>\n<p>A cada delito se le impuso una pena de ocho a\u00f1os de c\u00e1rcel, para sumar 16 a\u00f1os en total, m\u00e1s un mill\u00f3n de d\u00f3lares de multa. Una sentencia id\u00e9ntica recibi\u00f3 su exvicepresidenta, Roxana Baldetti, tambi\u00e9n acusada de encabezar el fraude.<\/p>\n<p>Ambos fueron absueltos del delito de enriquecimiento il\u00edcito.<\/p>\n<p>Un tribunal penal de Guatemala conden\u00f3 este mi\u00e9rcoles al expresidente Otto P\u00e9rez, un general retirado, a 16 a\u00f1os de prisi\u00f3n inconmutables por un fraude en las aduanas que lo oblig\u00f3 a renunciar en 2015, tres a\u00f1os despu\u00e9s de asumir el poder.<\/p>\n<p>Otto P\u00e9rez \u201ces penalmente responsable en concurso real de los delitos: autor del delito de asociaci\u00f3n il\u00edcita y por ser c\u00f3mplice responsable del delito de casos especiales de defraudaci\u00f3n aduanera\u201d, dijo la presidenta del Tribunal de Mayor Riesgo B de la capital, Irma Jeannette Vald\u00e9s, al leer la sentencia.<\/p>\n<p>A cada delito se le impuso una pena de ocho a\u00f1os de c\u00e1rcel, para sumar 16 a\u00f1os en total, m\u00e1s un mill\u00f3n de d\u00f3lares de multa. Una sentencia id\u00e9ntica recibi\u00f3 su exvicepresidenta, Roxana Baldetti, tambi\u00e9n acusada de encabezar el fraude.<\/p>\n<p>Ambos fueron absueltos del delito de enriquecimiento il\u00edcito.<\/p>\n<p>\u201cEl tribunal no duda en ning\u00fan momento que existi\u00f3 alg\u00fan tipo de incremento patrimonial il\u00edcito\u201d, explic\u00f3 la jueza vocal Katty Sarce\u00f1o, que no obstante admiti\u00f3 que la Fiscal\u00eda no lo pudo probar.<\/p>\n<p>P\u00e9rez, de 72 a\u00f1os, renunci\u00f3 al cargo y fue encarcelado el 3 de setiembre de 2015 tras masivas manifestaciones.<\/p>\n<p>El caso que involucra a P\u00e9rez, conocido como \u201cLa l\u00ednea\u201d, consist\u00eda en un sistema de evasi\u00f3n fiscal en las aduanas. Fue destapado por la Fiscal\u00eda con el acompa\u00f1amiento de la Comisi\u00f3n Internacional Contra la Impunidad en Guatemala (CICIG), un ente de las Naciones Unidas que apoy\u00f3 el combate de estructuras criminales dentro del Estado.<\/p>\n<p>El exmandatario, vestido con un traje azul oscuro y camisa celeste con corbata del mismo color, asegur\u00f3 antes del fallo que estaba con \u201cfe y esperanza\u201d de que saldr\u00eda absuelto de las acusaciones que lo llevaron a renunciar cuatro meses antes de entregar la presidencia.<\/p>\n<p>Sin embargo, la decisi\u00f3n del tribunal le cambi\u00f3 el semblante. \u201cYo verdaderamente me siento frustrado, me siento decepcionado\u201d, dijo P\u00e9rez a periodistas.<\/p>\n<p>\u201c\u00bfQu\u00e9 sentido tiene que defraude al Estado si no pudieron comprobar el enriquecimiento il\u00edcito? \u00bfEntonces el dinero d\u00f3nde est\u00e1?\u201d, cuestion\u00f3 molesto, y agreg\u00f3 que apelar\u00e1 el fallo.<\/p>\n<p>Seg\u00fan la investigaci\u00f3n, el monto por las coimas recibidas por la estructura ascendi\u00f3 a unos 3,5 millones de d\u00f3lares, mientras que el monto defraudado al Estado por la evasi\u00f3n de impuestos lleg\u00f3 a casi 10 millones de d\u00f3lares durante la operaci\u00f3n detectada entre 2013 y 2015.<\/p>\n<p><em>Con informaci\u00f3n de Noticiasenlamira.com\u00a0<\/em><\/p>\n","protected":false},"excerpt":{"rendered":"<p>* Otto P\u00e9rez es acusado de asociaci\u00f3n il\u00edcita y por ser c\u00f3mplice responsable del delito de casos especiales de defraudaci\u00f3n aduanera Un tribunal penal de Guatemala conden\u00f3 este mi\u00e9rcoles al expresidente Otto P\u00e9rez, un general retirado, a 16 a\u00f1os de prisi\u00f3n inconmutables por un fraude en las aduanas que lo oblig\u00f3 a renunciar en 2015,&#8230;<\/p>\n","protected":false},"author":2,"featured_media":25340,"comment_status":"open","ping_status":"open","sticky":false,"template":"","format":"standard","meta":{"footnotes":""},"categories":[13],"tags":[29,30,28],"class_list":["post-25339","post","type-post","status-publish","format-standard","has-post-thumbnail","hentry","category-nacion-y-mundo","tag-grid","tag-news","tag-slider"],"_links":{"self":[{"href":"http:\/\/elobservatorio.com.mx\/index.php?rest_route=\/wp\/v2\/posts\/25339"}],"collection":[{"href":"http:\/\/elobservatorio.com.mx\/index.php?rest_route=\/wp\/v2\/posts"}],"about":[{"href":"http:\/\/elobservatorio.com.mx\/index.php?rest_route=\/wp\/v2\/types\/post"}],"author":[{"embeddable":true,"href":"http:\/\/elobservatorio.com.mx\/index.php?rest_route=\/wp\/v2\/users\/2"}],"replies":[{"embeddable":true,"href":"http:\/\/elobservatorio.com.mx\/index.php?rest_route=%2Fwp%2Fv2%2Fcomments&post=25339"}],"version-history":[{"count":0,"href":"http:\/\/elobservatorio.com.mx\/index.php?rest_route=\/wp\/v2\/posts\/25339\/revisions"}],"wp:featuredmedia":[{"embeddable":true,"href":"http:\/\/elobservatorio.com.mx\/index.php?rest_route=\/wp\/v2\/media\/25340"}],"wp:attachment":[{"href":"http:\/\/elobservatorio.com.mx\/index.php?rest_route=%2Fwp%2Fv2%2Fmedia&parent=25339"}],"wp:term":[{"taxonomy":"category","embeddable":true,"href":"http:\/\/elobservatorio.com.mx\/index.php?rest_route=%2Fwp%2Fv2%2Fcategories&post=25339"},{"taxonomy":"post_tag","embeddable":true,"href":"http:\/\/elobservatorio.com.mx\/index.php?rest_route=%2Fwp%2Fv2%2Ftags&post=25339"}],"curies":[{"name":"wp","href":"https:\/\/api.w.org\/{rel}","templated":true}]}}