{"id":25343,"date":"2022-12-07T23:46:25","date_gmt":"2022-12-08T05:46:25","guid":{"rendered":"http:\/\/elobservatorio.com.mx\/?p=25343"},"modified":"2022-12-07T23:46:25","modified_gmt":"2022-12-08T05:46:25","slug":"envian-a-un-penal-de-lima-a-pedro-castillo-ex-presidente-de-peru","status":"publish","type":"post","link":"http:\/\/elobservatorio.com.mx\/?p=25343","title":{"rendered":"Env\u00edan a un penal de Lima a  Pedro Castillo, ex presidente de Per\u00fa"},"content":{"rendered":"<p><em>*Fue trasladado en helic\u00f3ptero a la base de la Direcci\u00f3n de Operaciones Especiales de la polic\u00eda, en el distrito de Ate<\/em><\/p>\n<p><em>Lima,\u00a0Peru.-\u00a0<\/em>El expresidente Pedro Castillo fue trasladado a una base policial en el este de Lima desde la Prefectura, donde permanec\u00eda detenido luego de ser destituido por su fallido intento de disolver el parlamento, informaron medios de prensa la noche del mi\u00e9rcoles.<\/p>\n<p>Castillo fue trasladado en helic\u00f3ptero a la base de la Direcci\u00f3n de Operaciones Especiales de la polic\u00eda, en el distrito de Ate, donde quedar\u00eda recluido por un m\u00e1ximo de 15 d\u00edas bajo investigaci\u00f3n fiscal.<\/p>\n<p>El Congreso de Per\u00fa destituy\u00f3 este mi\u00e9rcoles al presidente Pedro Castillo por \u201cincapacidad moral\u201d y jurament\u00f3 en su lugar a la vicepresidenta, en una catarata de dram\u00e1ticos anuncios en este pa\u00eds que padece de inestabilidad pol\u00edtica cr\u00f3nica.<\/p>\n<p>Castillo empez\u00f3 la jornada como presidente y la termin\u00f3 lejos del poder, bajo detenci\u00f3n policial por el delito de rebeli\u00f3n tras un intento fallido de disolver el parlamento.<\/p>\n<p>Horas antes de que el Congreso debatiera su tercer intento para sacarlo del poder en 16 meses, Castillo anunci\u00f3 el mi\u00e9rcoles que era blanco de \u201cun ataque sin cuartel\u201d por parte del parlamento y anunci\u00f3 su disoluci\u00f3n, un toque de queda y dijo que gobernar\u00eda por decreto.<\/p>\n<p>Sin embargo, las fuerzas armadas y la polic\u00eda no lo apoyaron, y el Congreso ignor\u00f3 su decisi\u00f3n y procedi\u00f3 a destituirlo.<\/p>\n<p>La vicepresidenta Dina Boluarte, una abogada de 60 a\u00f1os, fue juramentada como jefa de Estado y dijo que gobernar\u00e1 hasta julio de 2026, cuando estaba previsto el fin del mandato de Castillo. Ser\u00e1 la primera mujer en presidir Per\u00fa.<\/p>\n<p>https:\/\/twitter.com\/PedeanaC\/status\/1600699429149118466?ref_src=twsrc%5Etfw%7Ctwcamp%5Etweetembed%7Ctwterm%5E1600699429149118466%7Ctwgr%5E7ab8c0471bc019264db44fc2db75775788f8049c%7Ctwcon%5Es1_&#038;ref_url=https%3A%2F%2Fnoticiasenlamira.com%2Fmundo%2Ftrasladan-a-pedro-castillo-a-penal-de-lima-tras-ser-destituido-como-presidente%2F<\/p>\n<p>&nbsp;<\/p>\n","protected":false},"excerpt":{"rendered":"<p>*Fue trasladado en helic\u00f3ptero a la base de la Direcci\u00f3n de Operaciones Especiales de la polic\u00eda, en el distrito de Ate Lima,\u00a0Peru.-\u00a0El expresidente Pedro Castillo fue trasladado a una base policial en el este de Lima desde la Prefectura, donde permanec\u00eda detenido luego de ser destituido por su fallido intento de disolver el parlamento, informaron&#8230;<\/p>\n","protected":false},"author":2,"featured_media":25344,"comment_status":"open","ping_status":"open","sticky":false,"template":"","format":"standard","meta":{"footnotes":""},"categories":[13],"tags":[29,30,28],"class_list":["post-25343","post","type-post","status-publish","format-standard","has-post-thumbnail","hentry","category-nacion-y-mundo","tag-grid","tag-news","tag-slider"],"_links":{"self":[{"href":"http:\/\/elobservatorio.com.mx\/index.php?rest_route=\/wp\/v2\/posts\/25343"}],"collection":[{"href":"http:\/\/elobservatorio.com.mx\/index.php?rest_route=\/wp\/v2\/posts"}],"about":[{"href":"http:\/\/elobservatorio.com.mx\/index.php?rest_route=\/wp\/v2\/types\/post"}],"author":[{"embeddable":true,"href":"http:\/\/elobservatorio.com.mx\/index.php?rest_route=\/wp\/v2\/users\/2"}],"replies":[{"embeddable":true,"href":"http:\/\/elobservatorio.com.mx\/index.php?rest_route=%2Fwp%2Fv2%2Fcomments&post=25343"}],"version-history":[{"count":0,"href":"http:\/\/elobservatorio.com.mx\/index.php?rest_route=\/wp\/v2\/posts\/25343\/revisions"}],"wp:featuredmedia":[{"embeddable":true,"href":"http:\/\/elobservatorio.com.mx\/index.php?rest_route=\/wp\/v2\/media\/25344"}],"wp:attachment":[{"href":"http:\/\/elobservatorio.com.mx\/index.php?rest_route=%2Fwp%2Fv2%2Fmedia&parent=25343"}],"wp:term":[{"taxonomy":"category","embeddable":true,"href":"http:\/\/elobservatorio.com.mx\/index.php?rest_route=%2Fwp%2Fv2%2Fcategories&post=25343"},{"taxonomy":"post_tag","embeddable":true,"href":"http:\/\/elobservatorio.com.mx\/index.php?rest_route=%2Fwp%2Fv2%2Ftags&post=25343"}],"curies":[{"name":"wp","href":"https:\/\/api.w.org\/{rel}","templated":true}]}}