{"id":25369,"date":"2022-12-08T11:35:50","date_gmt":"2022-12-08T17:35:50","guid":{"rendered":"http:\/\/elobservatorio.com.mx\/?p=25369"},"modified":"2022-12-08T11:37:52","modified_gmt":"2022-12-08T17:37:52","slug":"ayuntamiento-de-colima-emite-protocolo-para-atender-acoso-sexual-y-laboral","status":"publish","type":"post","link":"http:\/\/elobservatorio.com.mx\/?p=25369","title":{"rendered":"Ayuntamiento emite protocolo para atender acoso sexual y laboral\u00a0"},"content":{"rendered":"<div dir=\"auto\"><em>*Con esto, se ajusta el marco normativo para dar una atenci\u00f3n m\u00e1s oportuna para prevenir, as\u00ed como sancionar, el acoso y hostigamiento en la administraci\u00f3n p\u00fablica municipal\u00a0<\/em><\/div>\n<div dir=\"auto\"><\/div>\n<div dir=\"auto\">En sesi\u00f3n ordinaria de Cabildo, encabezada por la presidenta municipal de Colima, Margarita Moreno, se aprob\u00f3, por unanimidad de las y los regidores, emitir el protocolo para atender el hostigamiento, acoso sexual y laboral de la administraci\u00f3n p\u00fablica municipal.<\/div>\n<div dir=\"auto\"><\/div>\n<div dir=\"auto\">Con esto, se refrenda el compromiso de la presidenta Margarita Moreno para combatir la violencia de g\u00e9nero y se da, adem\u00e1s, un gran paso en actualizar el marco normativo del Ayuntamiento de Colima, conforme a los par\u00e1metros constitucionales e internacionales, para adoptar las pol\u00edticas y medidas administrativas necesarias en prevenir, sancionar y erradicar todas las formas de violencia.<\/div>\n<div dir=\"auto\"><\/div>\n<div dir=\"auto\">Consecuentemente, la administraci\u00f3n de Margarita Moreno ha generado acciones y puntualizado la cero tolerancia ante conductas que constituyan violencia laboral en raz\u00f3n de g\u00e9nero, hostigamiento y acoso sexual.<\/div>\n<div dir=\"auto\"><\/div>\n<div dir=\"auto\">As\u00ed, se ha hecho un llamado a las personas servidoras p\u00fablicas y a la poblaci\u00f3n en general a poner fin a la violencia contra las mujeres, siendo el Ayuntamiento de Colima pionero en crear e implementar la campa\u00f1a permanente \u201cNo es normal, pide apoyo\u201d, cuyo objetivo es prevenir, identificar y denunciar las violencias en raz\u00f3n de g\u00e9nero mediante una estrategia integral.<\/div>\n<div dir=\"auto\"><\/div>\n<div dir=\"auto\"><\/div>\n","protected":false},"excerpt":{"rendered":"<p>*Con esto, se ajusta el marco normativo para dar una atenci\u00f3n m\u00e1s oportuna para prevenir, as\u00ed como sancionar, el acoso y hostigamiento en la administraci\u00f3n p\u00fablica municipal\u00a0 En sesi\u00f3n ordinaria de Cabildo, encabezada por la presidenta municipal de Colima, Margarita Moreno, se aprob\u00f3, por unanimidad de las y los regidores, emitir el protocolo para atender&#8230;<\/p>\n","protected":false},"author":2,"featured_media":25370,"comment_status":"open","ping_status":"open","sticky":false,"template":"","format":"standard","meta":{"footnotes":""},"categories":[36,8],"tags":[29,30,28],"class_list":["post-25369","post","type-post","status-publish","format-standard","has-post-thumbnail","hentry","category-colima","category-municipios","tag-grid","tag-news","tag-slider"],"_links":{"self":[{"href":"http:\/\/elobservatorio.com.mx\/index.php?rest_route=\/wp\/v2\/posts\/25369"}],"collection":[{"href":"http:\/\/elobservatorio.com.mx\/index.php?rest_route=\/wp\/v2\/posts"}],"about":[{"href":"http:\/\/elobservatorio.com.mx\/index.php?rest_route=\/wp\/v2\/types\/post"}],"author":[{"embeddable":true,"href":"http:\/\/elobservatorio.com.mx\/index.php?rest_route=\/wp\/v2\/users\/2"}],"replies":[{"embeddable":true,"href":"http:\/\/elobservatorio.com.mx\/index.php?rest_route=%2Fwp%2Fv2%2Fcomments&post=25369"}],"version-history":[{"count":0,"href":"http:\/\/elobservatorio.com.mx\/index.php?rest_route=\/wp\/v2\/posts\/25369\/revisions"}],"wp:featuredmedia":[{"embeddable":true,"href":"http:\/\/elobservatorio.com.mx\/index.php?rest_route=\/wp\/v2\/media\/25370"}],"wp:attachment":[{"href":"http:\/\/elobservatorio.com.mx\/index.php?rest_route=%2Fwp%2Fv2%2Fmedia&parent=25369"}],"wp:term":[{"taxonomy":"category","embeddable":true,"href":"http:\/\/elobservatorio.com.mx\/index.php?rest_route=%2Fwp%2Fv2%2Fcategories&post=25369"},{"taxonomy":"post_tag","embeddable":true,"href":"http:\/\/elobservatorio.com.mx\/index.php?rest_route=%2Fwp%2Fv2%2Ftags&post=25369"}],"curies":[{"name":"wp","href":"https:\/\/api.w.org\/{rel}","templated":true}]}}