{"id":25393,"date":"2022-12-08T23:59:32","date_gmt":"2022-12-09T05:59:32","guid":{"rendered":"http:\/\/elobservatorio.com.mx\/?p=25393"},"modified":"2022-12-08T23:59:32","modified_gmt":"2022-12-09T05:59:32","slug":"hemos-cambiado-la-realidad-con-hechos-margarita-moreno","status":"publish","type":"post","link":"http:\/\/elobservatorio.com.mx\/?p=25393","title":{"rendered":"Hemos cambiado la realidad con hechos: Margarita Moreno"},"content":{"rendered":"<p><em>*Destac\u00f3 la presidenta municipal de Colima que en este a\u00f1o se han cambiado tambi\u00e9n los n\u00fameros por las personas, dando resultados a las familias.<\/em><br aria-hidden=\"true\" \/><br aria-hidden=\"true\" \/>Estamos dando resultados a las familias del municipio de Colima, resolviendo problemas y atendiendo a las necesidades m\u00e1s importantes, regularizando los servicios y mejorando la calidad de vida de la poblaci\u00f3n, destac\u00f3 la presidenta municipal de Colima, Margarita Moreno, durante la \u00faltima ceremonia c\u00edvica de este a\u00f1o, organizada por el Instituto de la Juventud del Municipio de Colima.<br aria-hidden=\"true\" \/><br aria-hidden=\"true\" \/>Margarita Moreno hizo un resumen de las principales acciones, programas y beneficios que se generaron a favor de las familias del municipio, como las m\u00e1s de200 acciones de mejoramiento de vivienda, la construcci\u00f3n del vado en la colonia Nuevo Milenio IV que dio justicia social a los vecinos y garantiz\u00f3 su acceso.<br aria-hidden=\"true\" \/><br aria-hidden=\"true\" \/>Record\u00f3 que al inicio de su administraci\u00f3n se regulariz\u00f3 el servicio de recolecci\u00f3n de basura, luego de que se dejara un parque vehicular abandonado; puntualiz\u00f3 el mejoramiento de los mercados \u00c1lvaro Obreg\u00f3n, Francisco Villa y Constituci\u00f3n.<br aria-hidden=\"true\" \/><br aria-hidden=\"true\" \/>La presidenta municipal de Colima mencion\u00f3 el mejoramiento de las principales vialidades de la capital, las acciones para la reactivaci\u00f3n econ\u00f3mica del centro hist\u00f3rico con festivales como Vive Colima en Familia y Come, Vive, Ama Colima, adem\u00e1s de los programas de autoempleo que fomentan el emprendimiento con microcr\u00e9ditos, como Mujeres trabajando, el cual apoy\u00f3 a m\u00e1s de 300 mujeres.<br aria-hidden=\"true\" \/><br aria-hidden=\"true\" \/>Destac\u00f3 el programa de Colima Brilla el cual logr\u00f3 instalar m\u00e1s de 400 luminarias LED en ocho colonias del municipio, generando ahorros importantes en consumo el\u00e9ctrico, adem\u00e1s de los programas en apoyos sociales que benefician a la ni\u00f1ez y las personas adultas mayores, entre otros sectores vulnerables, que contribuyen a construir un Colima m\u00e1s humano.<br aria-hidden=\"true\" \/><br aria-hidden=\"true\" \/>Eric Guazo Arce, director del Instituto de la Juventud del Municipio de Colima, reconoci\u00f3 que Margarita Moreno impulsa a la juventud con acciones espec\u00edficas, desde la salud psicol\u00f3gica, el emprendimiento, el deporte, la educaci\u00f3n, eventos culturales, entre otras m\u00e1s que generan beneficios integrales para este sector de la poblaci\u00f3n tan importante.<br aria-hidden=\"true\" \/><br aria-hidden=\"true\" \/>Durante la ceremonia se tuvo una intervenci\u00f3n art\u00edstica con villancicos, por parte de la artista Isis Mariana Cervantes Rodr\u00edguez. Finalmente, Margarita Moreno mand\u00f3 un mensaje de fraternidad a todas y todos los trabajadores, dese\u00e1ndoles una feliz Navidad y un pr\u00f3spero a\u00f1o 2023.<\/p>\n","protected":false},"excerpt":{"rendered":"<p>*Destac\u00f3 la presidenta municipal de Colima que en este a\u00f1o se han cambiado tambi\u00e9n los n\u00fameros por las personas, dando resultados a las familias.Estamos dando resultados a las familias del municipio de Colima, resolviendo problemas y atendiendo a las necesidades m\u00e1s importantes, regularizando los servicios y mejorando la calidad de vida de la poblaci\u00f3n, destac\u00f3&#8230;<\/p>\n","protected":false},"author":2,"featured_media":25394,"comment_status":"open","ping_status":"open","sticky":false,"template":"","format":"standard","meta":{"footnotes":""},"categories":[36,8],"tags":[29,30,28],"class_list":["post-25393","post","type-post","status-publish","format-standard","has-post-thumbnail","hentry","category-colima","category-municipios","tag-grid","tag-news","tag-slider"],"_links":{"self":[{"href":"http:\/\/elobservatorio.com.mx\/index.php?rest_route=\/wp\/v2\/posts\/25393"}],"collection":[{"href":"http:\/\/elobservatorio.com.mx\/index.php?rest_route=\/wp\/v2\/posts"}],"about":[{"href":"http:\/\/elobservatorio.com.mx\/index.php?rest_route=\/wp\/v2\/types\/post"}],"author":[{"embeddable":true,"href":"http:\/\/elobservatorio.com.mx\/index.php?rest_route=\/wp\/v2\/users\/2"}],"replies":[{"embeddable":true,"href":"http:\/\/elobservatorio.com.mx\/index.php?rest_route=%2Fwp%2Fv2%2Fcomments&post=25393"}],"version-history":[{"count":0,"href":"http:\/\/elobservatorio.com.mx\/index.php?rest_route=\/wp\/v2\/posts\/25393\/revisions"}],"wp:featuredmedia":[{"embeddable":true,"href":"http:\/\/elobservatorio.com.mx\/index.php?rest_route=\/wp\/v2\/media\/25394"}],"wp:attachment":[{"href":"http:\/\/elobservatorio.com.mx\/index.php?rest_route=%2Fwp%2Fv2%2Fmedia&parent=25393"}],"wp:term":[{"taxonomy":"category","embeddable":true,"href":"http:\/\/elobservatorio.com.mx\/index.php?rest_route=%2Fwp%2Fv2%2Fcategories&post=25393"},{"taxonomy":"post_tag","embeddable":true,"href":"http:\/\/elobservatorio.com.mx\/index.php?rest_route=%2Fwp%2Fv2%2Ftags&post=25393"}],"curies":[{"name":"wp","href":"https:\/\/api.w.org\/{rel}","templated":true}]}}