{"id":25451,"date":"2022-12-14T19:44:27","date_gmt":"2022-12-15T01:44:27","guid":{"rendered":"http:\/\/elobservatorio.com.mx\/?p=25451"},"modified":"2022-12-14T19:44:27","modified_gmt":"2022-12-15T01:44:27","slug":"el-ayuntamiento-presenta-este-fin-de-semana-el-festival-de-cine-manzanillo","status":"publish","type":"post","link":"http:\/\/elobservatorio.com.mx\/?p=25451","title":{"rendered":"El Ayuntamiento presenta este fin de semana, el Festival de Cine Manzanillo"},"content":{"rendered":"<p><em>*Bajo la denominaci\u00f3n; \u201cEl mar en corto\u201d se har\u00e1n m\u00e1s de 30 proyecciones en 3 distintas sedes el viernes, s\u00e1bado y domingo.<\/em><\/p>\n<p>El Ayuntamiento de Manzanillo, a trav\u00e9s de la direcci\u00f3n general de Desarrollo Humano, trae este fin de semana para el p\u00fablico manzanillense distintos cortometrajes y algunos largometrajes para darle vida al Primer Festival de Cine Manzanillo 2022 \u201cEl mar en corto\u201d.<\/p>\n<p>La presidenta Griselda Mart\u00ednez asegur\u00f3 que cada a\u00f1o, la creaci\u00f3n de festivales y eventos para el p\u00fablico manzanillense aumenta para brindar m\u00e1s momentos de felicidad y j\u00fabilo, tanto a la poblaci\u00f3n, como para el turismo que todo el a\u00f1o visita Manzanillo.<\/p>\n<p>Este Festival de Cine Manzanillo 2022, proyectar\u00e1 en m\u00e1s de 30 ocasiones, distintos cortometrajes y largometrajes, los lugares para ello ser\u00e1n: la Biblioteca \u201cEl Chavar\u00edn\u201d, en la comunidad rural con ese mismo nombre; en la Plaza Ju\u00e1rez del Centro Hist\u00f3rico y en el Centro Cultural Salagua.<\/p>\n<p>Este Festival ser\u00e1 inaugurado el viernes a las 6 de la tarde, en la Plaza Ju\u00e1rez en el centro de la ciudad, donde se dar\u00e1n los detalles del \u00bfPor qu\u00e9 crear el festival de cine Manzanillo 2022 El Mar en Corto?, pl\u00e1tica que ofrecer\u00e1 el director general de Desarrollo Humano, Jorge Armando Vargas V\u00e1zquez.<\/p>\n<p>Momentos previos, a las 4 de la tarde en la comunidad de El Chavar\u00edn se ofrecer\u00e1 una charla sobre el cortometraje \u201cSal si puedes El r\u00edo de San Gabriel\u201d, a cargo de Massao Yanome y posteriormente se har\u00e1 su proyecci\u00f3n, el cual tiene una duraci\u00f3n de 26 minutos.<\/p>\n<p>Algunas de las proyecciones que se realizar\u00e1n durante este Festival de Cine Manzanillo, se contemplan: \u201cQue Nada Me Apague\u201d bajo la direcci\u00f3n de Luis Octavio Llerenas Maciel; \u00abEl hombre que olvid\u00f3 el d\u00eda de difuntos\u00bb, con la direcci\u00f3n de Massao Yanome y V\u00edctor Venegas; \u201cTecuani\u201d, de Isis Ahuamada Nelson Andape; el largometraje \u201cEl Para\u00edso de la serpiente\u201d con la direcci\u00f3n de Bernardo Arellano; \u201cSubterr\u00e1nea\u201d, de Nelson Aldape; \u201cSangre m\u00eda\u201d, de Isabel Rosales; \u201cEl Eco del caracol\u201d bajo la direcci\u00f3n de Jos\u00e9 Alberto Anguiano; el largometraje \u201c\u00c1nimo juventud\u201d de Carlos Armella; \u201cSubterr\u00e1nea\u201d, de Nelson Aldape; largometraje \u201c\u00c1nimo juventud\u201d, de Carlos Armella; tambi\u00e9n se proyectar\u00e1n los \u201cmicro-cortos\u201d de poes\u00eda; \u201cPepedrilo\u201d bajo la direcci\u00f3n de V\u00edctor Cartas Ruvalcaba; \u201cLa Dama del Jard\u00edn\u201d, bajo la direcci\u00f3n y adaptaci\u00f3n de Isabel Balboa Bailar\u00edn; el largometraje- documental \u201cMi no lugar\u201d, de Isis Ahumada; \u201cPerdidos en la gruta\u201d, resultado de Taller Historias invisibles I en la comunidad de Ixtlahuac\u00e1n a cargo de Fernando Daza Sanabria; \u201cEl Mar\u201d, de Denisse Aguilar;<\/p>\n","protected":false},"excerpt":{"rendered":"<p>*Bajo la denominaci\u00f3n; \u201cEl mar en corto\u201d se har\u00e1n m\u00e1s de 30 proyecciones en 3 distintas sedes el viernes, s\u00e1bado y domingo. El Ayuntamiento de Manzanillo, a trav\u00e9s de la direcci\u00f3n general de Desarrollo Humano, trae este fin de semana para el p\u00fablico manzanillense distintos cortometrajes y algunos largometrajes para darle vida al Primer Festival&#8230;<\/p>\n","protected":false},"author":2,"featured_media":25452,"comment_status":"open","ping_status":"open","sticky":false,"template":"","format":"standard","meta":{"footnotes":""},"categories":[35,8],"tags":[29,30,28],"class_list":["post-25451","post","type-post","status-publish","format-standard","has-post-thumbnail","hentry","category-manzanillo","category-municipios","tag-grid","tag-news","tag-slider"],"_links":{"self":[{"href":"http:\/\/elobservatorio.com.mx\/index.php?rest_route=\/wp\/v2\/posts\/25451"}],"collection":[{"href":"http:\/\/elobservatorio.com.mx\/index.php?rest_route=\/wp\/v2\/posts"}],"about":[{"href":"http:\/\/elobservatorio.com.mx\/index.php?rest_route=\/wp\/v2\/types\/post"}],"author":[{"embeddable":true,"href":"http:\/\/elobservatorio.com.mx\/index.php?rest_route=\/wp\/v2\/users\/2"}],"replies":[{"embeddable":true,"href":"http:\/\/elobservatorio.com.mx\/index.php?rest_route=%2Fwp%2Fv2%2Fcomments&post=25451"}],"version-history":[{"count":0,"href":"http:\/\/elobservatorio.com.mx\/index.php?rest_route=\/wp\/v2\/posts\/25451\/revisions"}],"wp:featuredmedia":[{"embeddable":true,"href":"http:\/\/elobservatorio.com.mx\/index.php?rest_route=\/wp\/v2\/media\/25452"}],"wp:attachment":[{"href":"http:\/\/elobservatorio.com.mx\/index.php?rest_route=%2Fwp%2Fv2%2Fmedia&parent=25451"}],"wp:term":[{"taxonomy":"category","embeddable":true,"href":"http:\/\/elobservatorio.com.mx\/index.php?rest_route=%2Fwp%2Fv2%2Fcategories&post=25451"},{"taxonomy":"post_tag","embeddable":true,"href":"http:\/\/elobservatorio.com.mx\/index.php?rest_route=%2Fwp%2Fv2%2Ftags&post=25451"}],"curies":[{"name":"wp","href":"https:\/\/api.w.org\/{rel}","templated":true}]}}