{"id":25531,"date":"2022-12-24T09:22:21","date_gmt":"2022-12-24T15:22:21","guid":{"rendered":"http:\/\/elobservatorio.com.mx\/?p=25531"},"modified":"2022-12-24T09:22:21","modified_gmt":"2022-12-24T15:22:21","slug":"aprueba-cabildo-mayor-inversion-para-generar-entornos-seguros-e-iluminar-villa-de-alvarez","status":"publish","type":"post","link":"http:\/\/elobservatorio.com.mx\/?p=25531","title":{"rendered":"Aprueba Cabildo mayor inversi\u00f3n para generar Entornos Seguros e iluminar Villa de \u00c1lvarez"},"content":{"rendered":"<p class=\"x_gmail-MsoNoSpacing\">*El presupuesto de egresos del a\u00f1o pr\u00f3ximo prev\u00e9 la compra de m\u00e1s camiones recolectores de basura y por lo menos otras 2 mil 500 luminarias en 2023<\/p>\n<p class=\"x_gmail-MsoNoSpacing\">*Se contratar\u00e1n m\u00e1s polic\u00edas y habr\u00e1 videovigilancia en colonias con mayor incidencia delictiva<\/p>\n<p class=\"x_gmail-MsoNoSpacing\"><b>\u00a0<\/b><b>Villa de \u00c1lvarez, Col. A 23 de Diciembre de 2022. \u2013\u00a0<\/b>En votaci\u00f3n un\u00e1nime, el Cabildo de Villa de \u00c1lvarez aprob\u00f3 para el a\u00f1o 2023 un presupuesto municipal de egresos de 640 millones 830 mil 720 pesos, destacando el gasto que se dedicar\u00e1 a servicios p\u00fablicos, seguridad ciudadana y obra p\u00fablica.<\/p>\n<p class=\"x_gmail-MsoNoSpacing\">En materia de servicios p\u00fablicos, se contempla comprar cuatro camiones compactadores de basura, dos camiones a cielo abierto, cuatro camionetas utilitarias para las brigadas de limpieza y una trituradora de ramas.<\/p>\n<p class=\"x_gmail-MsoNoSpacing\">Se continuar\u00e1 avanzando en la modernizaci\u00f3n de la red de alumbrado, adquiriendo por lo menos 2 mil 500 luminarias de tecnolog\u00eda led de \u00faltima generaci\u00f3n, para sustituir a las de vapor de sodio.<\/p>\n<p class=\"x_gmail-MsoNoSpacing\">Adem\u00e1s se invertir\u00e1 para garantizar el correcto funcionamiento del Centro de Control Animal, se reforzar\u00e1 el programa de descacharrizaci\u00f3n y se priorizar\u00e1n las inversiones para garantizar la limpieza e iluminaci\u00f3n de camellones, jardines y \u00e1reas verdes.<\/p>\n<p class=\"x_gmail-MsoNoSpacing\">Respecto a la seguridad ciudadana, el Presupuesto de Egresos del a\u00f1o pr\u00f3ximo proyecta reconvertir en Entornos Seguros los jardines de las 50 colonias con mayor incidencia delictiva en el municipio, dot\u00e1ndolos de iluminaci\u00f3n, limpieza, patrullaje estrat\u00e9gico, escrituras a favor del municipio y videovigilancia vecinal.<\/p>\n<p class=\"x_gmail-MsoNoSpacing\">Se prev\u00e9 adem\u00e1s un incremento del 10 por ciento del estado de fuerza policial, lo que significar\u00e1 la contrataci\u00f3n de 20 polic\u00edas de nuevo ingreso y se otorgar\u00e1 a todo el cuerpo policiaco un bono de riesgo al desempe\u00f1o de su funci\u00f3n.<\/p>\n<p class=\"x_gmail-MsoNoSpacing\">Contempla adem\u00e1s la modernizaci\u00f3n del sistema de sem\u00e1foros, donde se intervendr\u00e1n 12 cruceros viales y se fomentar\u00e1 la se\u00f1alizaci\u00f3n en las vialidades de Villa de \u00c1lvarez.<\/p>\n<p class=\"x_gmail-MsoNoSpacing\">En deporte y cultura se tendr\u00e1 una mayor inversi\u00f3n para impulsar la invasi\u00f3n deportiva y cultural, para as\u00ed promover la utilizaci\u00f3n de los 116 espacios deportivos del municipio y la utilizaci\u00f3n de todos los jardines y \u00e1reas verdes.<\/p>\n<p class=\"x_gmail-MsoNoSpacing\">Con relaci\u00f3n al mejoramiento de equipamiento institucional, el Presupuesto de Egresos 2023 potencia la rehabilitaci\u00f3n de vialidades, destina recursos para pintas y bacheo y prev\u00e9 acciones para evitar inundaciones en la parte norte de la ciudad.<\/p>\n<p class=\"x_gmail-MsoNoSpacing\">Aumenta el gasto para la Mejora Regulatoria en la sistematizaci\u00f3n de las transmisiones patrimoniales y en la expedici\u00f3n de licencias de construcci\u00f3n, para reducir los tiempos de respuesta a la ciudadan\u00eda.<\/p>\n<p class=\"x_gmail-MsoNoSpacing\">Tambi\u00e9n se incrementa el presupuesto para la atenci\u00f3n de las necesidades m\u00e1s apremiantes de los grupos vulnerables de la poblaci\u00f3n, fortalece el gasto transversal para la garant\u00eda de seguridad para las mujeres, crea el programa de mejoramiento de vivienda en apoyo a las familias de menores ingresos, crea un programa de becas para la rehabilitaci\u00f3n de adicciones y pone en funcionamiento el Modelo Estrat\u00e9gico de Prevenci\u00f3n y Combate a las Adicciones.<\/p>\n<p class=\"x_gmail-MsoNoSpacing\">En contraste, en el rubro de n\u00f3mina, s\u00f3lo el 56 por ciento del total del Presupuesto se destinar\u00e1 al pago de salarios, la inversi\u00f3n porcentual m\u00e1s baja en la historia del municipio de Villa de \u00c1lvarez para ese rubro.<\/p>\n<p class=\"x_gmail-MsoNoSpacing\">El Presupuesto de Egresos del Municipio de Villa de \u00c1lvarez para el a\u00f1o 2023 entrar\u00e1 en vigor el pr\u00f3ximo primero de enero, previa publicaci\u00f3n del Dictamen en el Peri\u00f3dico Oficial \u201cEl Estado de Colima\u201d.<\/p>\n","protected":false},"excerpt":{"rendered":"<p>*El presupuesto de egresos del a\u00f1o pr\u00f3ximo prev\u00e9 la compra de m\u00e1s camiones recolectores de basura y por lo menos otras 2 mil 500 luminarias en 2023 *Se contratar\u00e1n m\u00e1s polic\u00edas y habr\u00e1 videovigilancia en colonias con mayor incidencia delictiva \u00a0Villa de \u00c1lvarez, Col. A 23 de Diciembre de 2022. \u2013\u00a0En votaci\u00f3n un\u00e1nime, el Cabildo&#8230;<\/p>\n","protected":false},"author":2,"featured_media":25532,"comment_status":"open","ping_status":"open","sticky":false,"template":"","format":"standard","meta":{"footnotes":""},"categories":[8,42],"tags":[29,30,28],"class_list":["post-25531","post","type-post","status-publish","format-standard","has-post-thumbnail","hentry","category-municipios","category-villa-de-alvarez","tag-grid","tag-news","tag-slider"],"_links":{"self":[{"href":"http:\/\/elobservatorio.com.mx\/index.php?rest_route=\/wp\/v2\/posts\/25531"}],"collection":[{"href":"http:\/\/elobservatorio.com.mx\/index.php?rest_route=\/wp\/v2\/posts"}],"about":[{"href":"http:\/\/elobservatorio.com.mx\/index.php?rest_route=\/wp\/v2\/types\/post"}],"author":[{"embeddable":true,"href":"http:\/\/elobservatorio.com.mx\/index.php?rest_route=\/wp\/v2\/users\/2"}],"replies":[{"embeddable":true,"href":"http:\/\/elobservatorio.com.mx\/index.php?rest_route=%2Fwp%2Fv2%2Fcomments&post=25531"}],"version-history":[{"count":0,"href":"http:\/\/elobservatorio.com.mx\/index.php?rest_route=\/wp\/v2\/posts\/25531\/revisions"}],"wp:featuredmedia":[{"embeddable":true,"href":"http:\/\/elobservatorio.com.mx\/index.php?rest_route=\/wp\/v2\/media\/25532"}],"wp:attachment":[{"href":"http:\/\/elobservatorio.com.mx\/index.php?rest_route=%2Fwp%2Fv2%2Fmedia&parent=25531"}],"wp:term":[{"taxonomy":"category","embeddable":true,"href":"http:\/\/elobservatorio.com.mx\/index.php?rest_route=%2Fwp%2Fv2%2Fcategories&post=25531"},{"taxonomy":"post_tag","embeddable":true,"href":"http:\/\/elobservatorio.com.mx\/index.php?rest_route=%2Fwp%2Fv2%2Ftags&post=25531"}],"curies":[{"name":"wp","href":"https:\/\/api.w.org\/{rel}","templated":true}]}}