{"id":25549,"date":"2022-12-28T19:37:51","date_gmt":"2022-12-29T01:37:51","guid":{"rendered":"http:\/\/elobservatorio.com.mx\/?p=25549"},"modified":"2022-12-28T19:37:51","modified_gmt":"2022-12-29T01:37:51","slug":"por-robo-equiparado-y-danos-un-masculino-va-a-prision","status":"publish","type":"post","link":"http:\/\/elobservatorio.com.mx\/?p=25549","title":{"rendered":"Por robo equiparado y da\u00f1os, un masculino va a prisi\u00f3n"},"content":{"rendered":"<p><em>*Se encontraba circulando en un veh\u00edculo que hab\u00eda sido reportado como robado el pasado 18 de diciembre de este 2022<\/em><\/p>\n<p><em>*<\/em><em>\u00a0Al intentar huir de la autoridad, se impact\u00f3 con otra unidad a la cual le ocasion\u00f3 da\u00f1os materiales<\/em><\/p>\n<p>Imputado por un hecho que la ley establece como delitos de robo equiparado y da\u00f1os, un hombre es vinculado a proceso por el \u00f3rgano jurisdiccional luego de encontrarse conduciendo un veh\u00edculo el cual contaba con reporte de robo vigente y ocasionar da\u00f1os materiales a otra unidad vehicular con el mismo. En hechos suscitados en el tramo carretero Comala-Villa de \u00c1lvarez.<\/p>\n<p>De acuerdo a los acontecimientos, elementos de la Polic\u00eda Municipal observaron el veh\u00edculo de la marca Chevrolet en la zona Centro del municipio de Comala, el cual contaba con reporte de robo vigente, por lo que, al aproximarse al hombre, este comenz\u00f3 a circular d\u00e1ndose a la fuga por el tramo carretero hacia Villa de \u00c1lvarez. Al momento de que la autoridad lo intercepta, intentar huir de nuevo ocasionando que su unidad se impactara con otro veh\u00edculo que estaba estacionado, causando da\u00f1os materiales al mismo.<\/p>\n<p>Una vez detenido, el imputado fue puesto a disposici\u00f3n del ministerio p\u00fablico. En la audiencia inicial, el Juez de Control le dict\u00f3 auto de vinculaci\u00f3n a proceso, le impuso la prisi\u00f3n preventiva como medida cautelar y le otorg\u00f3 a la autoridad ministerial el plazo de dos meses para la investigaci\u00f3n complementaria.<\/p>\n<p>La FGE refrenda su compromiso con las y los colimenses para perseguir los delitos que afectan a la sociedad y reitera que ninguna conducta delictiva quedar\u00e1 impune.<\/p>\n","protected":false},"excerpt":{"rendered":"<p>*Se encontraba circulando en un veh\u00edculo que hab\u00eda sido reportado como robado el pasado 18 de diciembre de este 2022 *\u00a0Al intentar huir de la autoridad, se impact\u00f3 con otra unidad a la cual le ocasion\u00f3 da\u00f1os materiales Imputado por un hecho que la ley establece como delitos de robo equiparado y da\u00f1os, un hombre&#8230;<\/p>\n","protected":false},"author":2,"featured_media":25550,"comment_status":"open","ping_status":"open","sticky":false,"template":"","format":"standard","meta":{"footnotes":""},"categories":[15],"tags":[29,30,28],"class_list":["post-25549","post","type-post","status-publish","format-standard","has-post-thumbnail","hentry","category-seguridad-y-justicia","tag-grid","tag-news","tag-slider"],"_links":{"self":[{"href":"http:\/\/elobservatorio.com.mx\/index.php?rest_route=\/wp\/v2\/posts\/25549"}],"collection":[{"href":"http:\/\/elobservatorio.com.mx\/index.php?rest_route=\/wp\/v2\/posts"}],"about":[{"href":"http:\/\/elobservatorio.com.mx\/index.php?rest_route=\/wp\/v2\/types\/post"}],"author":[{"embeddable":true,"href":"http:\/\/elobservatorio.com.mx\/index.php?rest_route=\/wp\/v2\/users\/2"}],"replies":[{"embeddable":true,"href":"http:\/\/elobservatorio.com.mx\/index.php?rest_route=%2Fwp%2Fv2%2Fcomments&post=25549"}],"version-history":[{"count":0,"href":"http:\/\/elobservatorio.com.mx\/index.php?rest_route=\/wp\/v2\/posts\/25549\/revisions"}],"wp:featuredmedia":[{"embeddable":true,"href":"http:\/\/elobservatorio.com.mx\/index.php?rest_route=\/wp\/v2\/media\/25550"}],"wp:attachment":[{"href":"http:\/\/elobservatorio.com.mx\/index.php?rest_route=%2Fwp%2Fv2%2Fmedia&parent=25549"}],"wp:term":[{"taxonomy":"category","embeddable":true,"href":"http:\/\/elobservatorio.com.mx\/index.php?rest_route=%2Fwp%2Fv2%2Fcategories&post=25549"},{"taxonomy":"post_tag","embeddable":true,"href":"http:\/\/elobservatorio.com.mx\/index.php?rest_route=%2Fwp%2Fv2%2Ftags&post=25549"}],"curies":[{"name":"wp","href":"https:\/\/api.w.org\/{rel}","templated":true}]}}