{"id":25552,"date":"2022-12-28T19:54:19","date_gmt":"2022-12-29T01:54:19","guid":{"rendered":"http:\/\/elobservatorio.com.mx\/?p=25552"},"modified":"2022-12-28T19:54:19","modified_gmt":"2022-12-29T01:54:19","slug":"el-primero-de-enero-se-incorporaran-nuevos-agentes-a-la-policia-de-la-villa","status":"publish","type":"post","link":"http:\/\/elobservatorio.com.mx\/?p=25552","title":{"rendered":"El primero de enero se incorporar\u00e1n nuevos agentes a la Polic\u00eda de la Villa"},"content":{"rendered":"<p class=\"x_gmail-MsoNoSpacing\"><em>*Tendr\u00e1 corporaci\u00f3n 20 polic\u00edas m\u00e1s en\u00a0 2023<\/em><\/p>\n<p class=\"x_gmail-MsoNoSpacing\"><b>\u00a0<\/b><b>Villa de \u00c1lvarez, Col.-\u00a0<\/b>Para empezar a cumplir la disposici\u00f3n\u00a0 de crecimiento del 10 por ciento en el Estado de Fuerza Policial, establecida en el Presupuesto Municipal de Egresos para el a\u00f1o 2023, el primer de enero\u00a0 ser\u00e1n incorporados a la Direcci\u00f3n General de Seguridad P\u00fablica de Villa de \u00c1lvarez los primeros cinco de un total de 20 agentes.<\/p>\n<p class=\"x_gmail-MsoNoSpacing\">Aprobado por el Cabildo Villalvarense la semana pasada en votaci\u00f3n un\u00e1nime, el Presupuesto\u00a0 Municipal de Egresos de Villa de \u00c1lvarez para el Ejercicio Fiscal del A\u00f1o 2023 contempla recursos para la contrataci\u00f3n de 20 polic\u00edas de nuevo ingreso, equivalente al\u00a0 10 por ciento del total de la plantilla policial.<\/p>\n<p class=\"x_gmail-MsoNoSpacing\">\n<p class=\"x_gmail-MsoNoSpacing\">Los agentes de nuevo ingreso contar\u00e1n, al igual que el resto de los que\u00a0 ya pertenecen a la corporaci\u00f3n, con un Bono de Riesgo al Desempe\u00f1o\u00a0 de la Funci\u00f3n Policial y con el Seguro de Vida Individualizado de Cobertura Amplia.<\/p>\n<p class=\"x_gmail-MsoNoSpacing\">Luego de la contrataci\u00f3n de 27 hombres y mujeres polic\u00edas, en 2022 el Estado de Fuerza Policial de Villa de \u00c1lvarez creci\u00f3 13 por ciento con relaci\u00f3n al a\u00f1o 2021, quienes gozan de la mejora en sus remuneraciones y est\u00e1n\u00a0 incorporados al esquema de otorgamiento de est\u00edmulos al desempe\u00f1o.<\/p>\n<p class=\"x_gmail-MsoNoSpacing\">Es importante mencionar que el Plan Municipal de Desarrollo 2021-2024 establece como meta un crecimiento anual del 5 por ciento en el Estado de Fuerza Policial, por lo que los incrementos registrados en 2022 y el que se tendr\u00e1 en 2023 superar\u00e1n ampliamente el objetivo plasmado.<\/p>\n","protected":false},"excerpt":{"rendered":"<p>*Tendr\u00e1 corporaci\u00f3n 20 polic\u00edas m\u00e1s en\u00a0 2023 \u00a0Villa de \u00c1lvarez, Col.-\u00a0Para empezar a cumplir la disposici\u00f3n\u00a0 de crecimiento del 10 por ciento en el Estado de Fuerza Policial, establecida en el Presupuesto Municipal de Egresos para el a\u00f1o 2023, el primer de enero\u00a0 ser\u00e1n incorporados a la Direcci\u00f3n General de Seguridad P\u00fablica de Villa de&#8230;<\/p>\n","protected":false},"author":2,"featured_media":25553,"comment_status":"open","ping_status":"open","sticky":false,"template":"","format":"standard","meta":{"footnotes":""},"categories":[8,42],"tags":[29,30,28],"class_list":["post-25552","post","type-post","status-publish","format-standard","has-post-thumbnail","hentry","category-municipios","category-villa-de-alvarez","tag-grid","tag-news","tag-slider"],"_links":{"self":[{"href":"http:\/\/elobservatorio.com.mx\/index.php?rest_route=\/wp\/v2\/posts\/25552"}],"collection":[{"href":"http:\/\/elobservatorio.com.mx\/index.php?rest_route=\/wp\/v2\/posts"}],"about":[{"href":"http:\/\/elobservatorio.com.mx\/index.php?rest_route=\/wp\/v2\/types\/post"}],"author":[{"embeddable":true,"href":"http:\/\/elobservatorio.com.mx\/index.php?rest_route=\/wp\/v2\/users\/2"}],"replies":[{"embeddable":true,"href":"http:\/\/elobservatorio.com.mx\/index.php?rest_route=%2Fwp%2Fv2%2Fcomments&post=25552"}],"version-history":[{"count":0,"href":"http:\/\/elobservatorio.com.mx\/index.php?rest_route=\/wp\/v2\/posts\/25552\/revisions"}],"wp:featuredmedia":[{"embeddable":true,"href":"http:\/\/elobservatorio.com.mx\/index.php?rest_route=\/wp\/v2\/media\/25553"}],"wp:attachment":[{"href":"http:\/\/elobservatorio.com.mx\/index.php?rest_route=%2Fwp%2Fv2%2Fmedia&parent=25552"}],"wp:term":[{"taxonomy":"category","embeddable":true,"href":"http:\/\/elobservatorio.com.mx\/index.php?rest_route=%2Fwp%2Fv2%2Fcategories&post=25552"},{"taxonomy":"post_tag","embeddable":true,"href":"http:\/\/elobservatorio.com.mx\/index.php?rest_route=%2Fwp%2Fv2%2Ftags&post=25552"}],"curies":[{"name":"wp","href":"https:\/\/api.w.org\/{rel}","templated":true}]}}