{"id":25568,"date":"2022-12-29T23:57:31","date_gmt":"2022-12-30T05:57:31","guid":{"rendered":"http:\/\/elobservatorio.com.mx\/?p=25568"},"modified":"2022-12-29T23:57:31","modified_gmt":"2022-12-30T05:57:31","slug":"margarita-moreno-anuncia-campana-y-tu-ya-pagaste-para-facilitar-el-pago-del-predial","status":"publish","type":"post","link":"http:\/\/elobservatorio.com.mx\/?p=25568","title":{"rendered":"Margarita Moreno anuncia campa\u00f1a: \u201cY t\u00fa, \u00bfya pagaste?\u201d para facilitar el pago del predial"},"content":{"rendered":"<div dir=\"auto\"><em>*Durante todo el mes de enero se instalar\u00e1n cajas receptoras en el patio central del Ayuntamiento de Colima, para agilizar el pago del impuesto predial, as\u00ed como en diferentes instalaciones del municipio.<\/em><\/div>\n<div dir=\"auto\"><\/div>\n<div dir=\"auto\">La presidenta municipal de Colima, Margarita Moreno, anunci\u00f3 que para facilitar el acceso de las personas a realizar el pago del impuesto predial, el Ayuntamiento de Colima ha preparado la campa\u00f1a \u201cY t\u00fa, \u00bfya pagaste?\u201d, con la instalaci\u00f3n de cajas receptoras en diferentes puntos de la ciudad.<\/div>\n<div dir=\"auto\"><\/div>\n<div dir=\"auto\">Dio a conocer que esta estrategia contempla la instalaci\u00f3n de seis cajas receptoras \u00a0y una mesa de atenci\u00f3n en el patio central del Ayuntamiento de Colima, adem\u00e1s de m\u00f3dulos de pago en diferentes instalaciones municipales y la posibilidad de realizar el pago de forma virtual en la p\u00e1gina\u00a0<a href=\"http:\/\/www.colima.gob.mx\/\" target=\"_blank\" rel=\"noopener noreferrer\" data-auth=\"NotApplicable\" data-linkindex=\"0\">www.colima.gob.mx<\/a>.<\/div>\n<div dir=\"auto\"><\/div>\n<div dir=\"auto\">\u201cQueremos que la poblaci\u00f3n sea atendida como se merece, que se puedan atender dudas y comentarios, adem\u00e1s de aprovechar los descuentos que, por ley, tiene derecho la poblaci\u00f3n\u201d, se\u00f1al\u00f3.<\/div>\n<div dir=\"auto\"><\/div>\n<div dir=\"auto\">Record\u00f3 los descuentos a los que tienen derecho las y los contribuyentes son del 15 por ciento para quienes paguen en el mes de enero, quienes paguen en febrero un 13 por ciento de descuento y quienes paguen en marzo obtendr\u00e1n un 11 por ciento de descuento.<\/div>\n<div dir=\"auto\"><\/div>\n<div dir=\"auto\">La fecha l\u00edmite para pagar el predial con descuento es hasta el pr\u00f3ximo 31 de marzo, en tanto que los adultos mayores reciben un 50 por ciento de descuento en su contribuci\u00f3n, durante todo el a\u00f1o.<\/div>\n<div dir=\"auto\"><\/div>\n<div dir=\"auto\">Adem\u00e1s de Palacio Municipal, \u00a0los m\u00f3dulos de pago se instalar\u00e1n en: Centro Municipal de Negocios, ubicado en V. Carranza esquina con Manuel \u00c1lvarez, Col. Centro; Oficina del Pante\u00f3n Municipal, ubicado en la Av. Camino Real No. 146, Col. Las V\u00edboras; Direcci\u00f3n de Seguridad P\u00fablica, Tr\u00e1nsito y Vialidad, ubicada en la calle Fco. Ram\u00edrez Villareal No. 570, Col. El Porvenir; y en el Centro Municipal de Servicios de Plaza San Fernando.<\/div>\n<div dir=\"auto\"><\/div>\n<div dir=\"auto\">Para atender la zona norte del municipio se dispondr\u00e1n de dos auto cajas de pago en el Centro Cultural Horacio Cervantes, ubicado en la calle Ing. Horacio Cervantes Ochoa No. 122, Residencial Esmeralda Norte, donde se podr\u00e1 acceder a los m\u00f3dulos con veh\u00edculo para comodidad de las y los contribuyentes; en este mismo espacio se atender\u00e1n dudas y aclaraciones.<\/div>\n<div dir=\"auto\"><\/div>\n<div dir=\"auto\">Los horarios son de lunes a viernes de 8:30 a 15:00 horas; en las instalaciones de la Polic\u00eda Municipal, los s\u00e1bados de 9:00 a 14:00 horas y en la plaza San Fernando, de 10:00 de la ma\u00f1ana a 19:00 horas de lunes a s\u00e1bado.<\/div>\n<div dir=\"auto\"><\/div>\n<div dir=\"auto\">En l\u00ednea los pagos pueden realizarse en:\u00a0<a href=\"http:\/\/www.colima.gob.mx\/\" target=\"_blank\" rel=\"noopener noreferrer\" data-auth=\"NotApplicable\" data-linkindex=\"1\">www.colima.gob.mx<\/a>\u00a0con cargo a la tarjeta de cr\u00e9dito o d\u00e9bito, as\u00ed como en tiendas de conveniencia Kiosco y en las ventanillas de cualquier sucursal de los bancos: HSCB, Bancomer, Banorte, Santander y Scotiabank.<\/div>\n","protected":false},"excerpt":{"rendered":"<p>*Durante todo el mes de enero se instalar\u00e1n cajas receptoras en el patio central del Ayuntamiento de Colima, para agilizar el pago del impuesto predial, as\u00ed como en diferentes instalaciones del municipio. La presidenta municipal de Colima, Margarita Moreno, anunci\u00f3 que para facilitar el acceso de las personas a realizar el pago del impuesto predial,&#8230;<\/p>\n","protected":false},"author":2,"featured_media":25569,"comment_status":"open","ping_status":"open","sticky":false,"template":"","format":"standard","meta":{"footnotes":""},"categories":[36,8],"tags":[29,30,28],"class_list":["post-25568","post","type-post","status-publish","format-standard","has-post-thumbnail","hentry","category-colima","category-municipios","tag-grid","tag-news","tag-slider"],"_links":{"self":[{"href":"http:\/\/elobservatorio.com.mx\/index.php?rest_route=\/wp\/v2\/posts\/25568"}],"collection":[{"href":"http:\/\/elobservatorio.com.mx\/index.php?rest_route=\/wp\/v2\/posts"}],"about":[{"href":"http:\/\/elobservatorio.com.mx\/index.php?rest_route=\/wp\/v2\/types\/post"}],"author":[{"embeddable":true,"href":"http:\/\/elobservatorio.com.mx\/index.php?rest_route=\/wp\/v2\/users\/2"}],"replies":[{"embeddable":true,"href":"http:\/\/elobservatorio.com.mx\/index.php?rest_route=%2Fwp%2Fv2%2Fcomments&post=25568"}],"version-history":[{"count":0,"href":"http:\/\/elobservatorio.com.mx\/index.php?rest_route=\/wp\/v2\/posts\/25568\/revisions"}],"wp:featuredmedia":[{"embeddable":true,"href":"http:\/\/elobservatorio.com.mx\/index.php?rest_route=\/wp\/v2\/media\/25569"}],"wp:attachment":[{"href":"http:\/\/elobservatorio.com.mx\/index.php?rest_route=%2Fwp%2Fv2%2Fmedia&parent=25568"}],"wp:term":[{"taxonomy":"category","embeddable":true,"href":"http:\/\/elobservatorio.com.mx\/index.php?rest_route=%2Fwp%2Fv2%2Fcategories&post=25568"},{"taxonomy":"post_tag","embeddable":true,"href":"http:\/\/elobservatorio.com.mx\/index.php?rest_route=%2Fwp%2Fv2%2Ftags&post=25568"}],"curies":[{"name":"wp","href":"https:\/\/api.w.org\/{rel}","templated":true}]}}