{"id":25574,"date":"2022-12-30T00:43:11","date_gmt":"2022-12-30T06:43:11","guid":{"rendered":"http:\/\/elobservatorio.com.mx\/?p=25574"},"modified":"2022-12-30T00:43:11","modified_gmt":"2022-12-30T06:43:11","slug":"fge-continua-la-busqueda-de-doctor-desaparecido-en-la-ciudad-de-colima","status":"publish","type":"post","link":"http:\/\/elobservatorio.com.mx\/?p=25574","title":{"rendered":"FGE contin\u00faa la b\u00fasqueda de Doctor desaparecido en la Ciudad de Colima"},"content":{"rendered":"<p>La Fiscal\u00eda General del Estado (FGE), a trav\u00e9s de la Fiscal\u00eda Especializada en Desaparici\u00f3n de Personas contin\u00faa con la intensa b\u00fasqueda del Dr. Iv\u00e1n, quien desde el pasado 27 de diciembre de este a\u00f1o se encuentra como desaparecido en el municipio de Colima.<\/p>\n<p>La denuncia por desaparici\u00f3n fue presentada el d\u00eda 28 del presente mes, por lo que fue abierta una carpeta de investigaci\u00f3n. Posterior a ello, personal de esta Fiscal\u00eda Especializada ha mantenido una comunicaci\u00f3n constante con sus familiares en relaci\u00f3n a las acciones que se est\u00e1n realizando para lograr dar con su paradero.<\/p>\n<p>Entre los actos de investigaci\u00f3n que se llevan a cabo, se encuentran: entrevista a testigos, inspecciones de lugar, objetos, equipo de c\u00f3mputo personal y de trabajo de la v\u00edctima, solicitud de videos a instituciones de seguridad, dependencias p\u00fablicas e iniciativa privada a efecto de dar seguimiento con la posible ruta de la persona desaparecida, entre otros.<\/p>\n<p>Asimismo, elementos de la Fiscal\u00eda Especializada en Coordinaci\u00f3n con la Comisi\u00f3n Estatal de B\u00fasqueda de Personas, la Secretar\u00eda de Seguridad P\u00fablica, Secretar\u00eda de Marina (SEMAR), Secretar\u00eda de la Defensa Nacional (SEDENA) y Guardia Nacional, realizan operativos apegados al protocolo homologado de investigaci\u00f3n de personas desaparecidas con el objetivo de dar con el paradero del Dr. Iv\u00e1n, a trav\u00e9s de la informaci\u00f3n obtenida.<\/p>\n<p>La FGE exhorta a la ciudadan\u00eda a mantenerse informada del caso a trav\u00e9s de los conductos oficiales de la dependencia y no reproducir rumores para evitar que falsedades perjudiquen la investigaci\u00f3n y afecten a sus familiares.<\/p>\n<p>Igualmente, refrenda su compromiso con la sociedad de llevar a cabo todas las acciones necesarias con todos los recursos humanos, materiales y log\u00edsticos que se necesiten para la localizaci\u00f3n de personas, as\u00ed como para brindar el acompa\u00f1amiento que requieran las victimas indirectas de este delito.<\/p>\n<p>&nbsp;<\/p>\n","protected":false},"excerpt":{"rendered":"<p>La Fiscal\u00eda General del Estado (FGE), a trav\u00e9s de la Fiscal\u00eda Especializada en Desaparici\u00f3n de Personas contin\u00faa con la intensa b\u00fasqueda del Dr. Iv\u00e1n, quien desde el pasado 27 de diciembre de este a\u00f1o se encuentra como desaparecido en el municipio de Colima. La denuncia por desaparici\u00f3n fue presentada el d\u00eda 28 del presente mes,&#8230;<\/p>\n","protected":false},"author":2,"featured_media":25575,"comment_status":"open","ping_status":"open","sticky":false,"template":"","format":"standard","meta":{"footnotes":""},"categories":[15],"tags":[29,30,28],"class_list":["post-25574","post","type-post","status-publish","format-standard","has-post-thumbnail","hentry","category-seguridad-y-justicia","tag-grid","tag-news","tag-slider"],"_links":{"self":[{"href":"http:\/\/elobservatorio.com.mx\/index.php?rest_route=\/wp\/v2\/posts\/25574"}],"collection":[{"href":"http:\/\/elobservatorio.com.mx\/index.php?rest_route=\/wp\/v2\/posts"}],"about":[{"href":"http:\/\/elobservatorio.com.mx\/index.php?rest_route=\/wp\/v2\/types\/post"}],"author":[{"embeddable":true,"href":"http:\/\/elobservatorio.com.mx\/index.php?rest_route=\/wp\/v2\/users\/2"}],"replies":[{"embeddable":true,"href":"http:\/\/elobservatorio.com.mx\/index.php?rest_route=%2Fwp%2Fv2%2Fcomments&post=25574"}],"version-history":[{"count":0,"href":"http:\/\/elobservatorio.com.mx\/index.php?rest_route=\/wp\/v2\/posts\/25574\/revisions"}],"wp:featuredmedia":[{"embeddable":true,"href":"http:\/\/elobservatorio.com.mx\/index.php?rest_route=\/wp\/v2\/media\/25575"}],"wp:attachment":[{"href":"http:\/\/elobservatorio.com.mx\/index.php?rest_route=%2Fwp%2Fv2%2Fmedia&parent=25574"}],"wp:term":[{"taxonomy":"category","embeddable":true,"href":"http:\/\/elobservatorio.com.mx\/index.php?rest_route=%2Fwp%2Fv2%2Fcategories&post=25574"},{"taxonomy":"post_tag","embeddable":true,"href":"http:\/\/elobservatorio.com.mx\/index.php?rest_route=%2Fwp%2Fv2%2Ftags&post=25574"}],"curies":[{"name":"wp","href":"https:\/\/api.w.org\/{rel}","templated":true}]}}