{"id":2559,"date":"2019-02-20T03:49:39","date_gmt":"2019-02-20T03:49:39","guid":{"rendered":"http:\/\/elobservatorio.com.mx\/un-exito-cabalgata-infantil-con-26-planteles-de-preescolar-y-3-de-educacion-especial-%c2%a0"},"modified":"2019-02-20T03:49:39","modified_gmt":"2019-02-20T03:49:39","slug":"un-exito-cabalgata-infantil-con-26-planteles-de-preescolar-y-3-de-educacion-especial-%c2%a0","status":"publish","type":"post","link":"http:\/\/elobservatorio.com.mx\/?p=2559","title":{"rendered":"Un \u00e9xito, cabalgata infantil, con 26 planteles de preescolar y 3 de Educaci\u00f3n Especial \u00a0"},"content":{"rendered":"<p><em>*En las actividades de este mi\u00e9rcoles 20, de los 162 Festejos Charrotaurinos, destaca la Corrida Estudiantil de las 17:00 horas <\/em><\/p>\n<p>Con \u00e9xito se llev\u00f3 al cabo la Cabalgata Infantil n\u00famero 33, correspondiente a los 162 Festejos Charrotaurinos, este martes por la ma\u00f1ana, en el recinto ferial de Villa de \u00c1lvarez.<\/p>\n<p>El trayecto fue de la entrada del recinto ferial hacia la plaza de toros La Petatera, donde ni\u00f1as, ni\u00f1os, maestras, maestros y padres de familia, de 26 planteles de Preescolar y 3 de Educaci\u00f3n Especial, disfrutaron de un show infantil con jaripeo.<\/p>\n<p>Como cada a\u00f1o, desde 1986, los infantes de cada contingente escolar portaron vestuario alusivo a la gran fiesta villalvarense, sin faltar los mojigangos y los caballitos de madera y cart\u00f3n, entre otros elementos de esta tradici\u00f3n popular.<\/p>\n<p>ESTE MI\u00c9RCOLES, CORRIDA ESTUDIANTIL<\/p>\n<p>Dentro del programa general de los Festejos Charrotaurinos, la jornada de este mi\u00e9rcoles contempla la Corrida Estudiantil de las 17:00 horas, en la plaza de toros La Petatera; a temprana hora la Cabalgata Diurna, a las 13:00 horas el Toro de Once, en La Petatera; a las 14:30 horas el recibimiento ofrecido por la Presidente de Minatitl\u00e1n, Lilia Figueroa Larios, en el Casino-Carpa; mientras que en la Corrida Estudiantil, en La Petatera, el jaripeo ser\u00e1 brindado por Javier Maga\u00f1a, de la \u201cSierra de Manantl\u00e1n\u201d, de El Mixcoate, Villa de \u00c1lvarez, y Los Leones Indomables de Zacualpan, representados por su presidente ejidal Gregorio Santos Aranda.<\/p>\n<p>Este d\u00eda el \u00faltimo evento en La Petatera ser\u00e1 el espect\u00e1culo del Caballo Bailador, a las 19:00 horas; en tanto que el Teatro del Pueblo ver\u00e1 actividad a las 18:00 horas, 19:30 horas y 20:30 horas, con la Escuela de Talentos, el Grupo de Animaci\u00f3n de Porristas y el Ballet Folcl\u00f3rico Ahuilistli, en ese orden.<\/p>\n","protected":false},"excerpt":{"rendered":"<p>*En las actividades de este mi\u00e9rcoles 20, de los 162 Festejos Charrotaurinos, destaca la Corrida Estudiantil de las 17:00 horas Con \u00e9xito se llev\u00f3 al cabo la Cabalgata Infantil n\u00famero 33, correspondiente a los 162 Festejos Charrotaurinos, este martes por la ma\u00f1ana, en el recinto ferial de Villa de \u00c1lvarez. El trayecto fue de la&#8230;<\/p>\n","protected":false},"author":2,"featured_media":2560,"comment_status":"open","ping_status":"open","sticky":false,"template":"","format":"standard","meta":{"footnotes":""},"categories":[8,42],"tags":[29,30,28],"class_list":["post-2559","post","type-post","status-publish","format-standard","has-post-thumbnail","hentry","category-municipios","category-villa-de-alvarez","tag-grid","tag-news","tag-slider"],"_links":{"self":[{"href":"http:\/\/elobservatorio.com.mx\/index.php?rest_route=\/wp\/v2\/posts\/2559"}],"collection":[{"href":"http:\/\/elobservatorio.com.mx\/index.php?rest_route=\/wp\/v2\/posts"}],"about":[{"href":"http:\/\/elobservatorio.com.mx\/index.php?rest_route=\/wp\/v2\/types\/post"}],"author":[{"embeddable":true,"href":"http:\/\/elobservatorio.com.mx\/index.php?rest_route=\/wp\/v2\/users\/2"}],"replies":[{"embeddable":true,"href":"http:\/\/elobservatorio.com.mx\/index.php?rest_route=%2Fwp%2Fv2%2Fcomments&post=2559"}],"version-history":[{"count":0,"href":"http:\/\/elobservatorio.com.mx\/index.php?rest_route=\/wp\/v2\/posts\/2559\/revisions"}],"wp:featuredmedia":[{"embeddable":true,"href":"http:\/\/elobservatorio.com.mx\/index.php?rest_route=\/wp\/v2\/media\/2560"}],"wp:attachment":[{"href":"http:\/\/elobservatorio.com.mx\/index.php?rest_route=%2Fwp%2Fv2%2Fmedia&parent=2559"}],"wp:term":[{"taxonomy":"category","embeddable":true,"href":"http:\/\/elobservatorio.com.mx\/index.php?rest_route=%2Fwp%2Fv2%2Fcategories&post=2559"},{"taxonomy":"post_tag","embeddable":true,"href":"http:\/\/elobservatorio.com.mx\/index.php?rest_route=%2Fwp%2Fv2%2Ftags&post=2559"}],"curies":[{"name":"wp","href":"https:\/\/api.w.org\/{rel}","templated":true}]}}