{"id":25598,"date":"2023-01-03T10:16:14","date_gmt":"2023-01-03T16:16:14","guid":{"rendered":"http:\/\/elobservatorio.com.mx\/?p=25598"},"modified":"2023-01-03T10:23:56","modified_gmt":"2023-01-03T16:23:56","slug":"el-fiscal-bryant-debe-renunciar-por-el-bien-de-colima-griselda-martinez","status":"publish","type":"post","link":"http:\/\/elobservatorio.com.mx\/?p=25598","title":{"rendered":"El Fiscal Bryant debe renunciar \u00abpor el bien de Colima\u00bb: Griselda Mart\u00ednez"},"content":{"rendered":"<div dir=\"auto\"><em>*La alcaldesade Manzanillo nuevamente alza la voz y en en sus redes sociales dijo que \u00abalguien debe tener un poco de conciencia, est\u00e1n haciendo mucho da\u00f1o\u00bb.<\/em><\/div>\n<div dir=\"auto\"><\/div>\n<div dir=\"auto\">Manzanillo Col.- La ma\u00f1ana de este martes, la presidenta municipal de Manzanillo, Griselda Mart\u00ednez Mart\u00ednez, nuevamente alzo la voz en sus redes sociales para exigir la renuncia del Fiscal de Colima, Bryant Alejandro Garc\u00eda Ram\u00edrez, por estarle haciendo mucho da\u00f1o a Colima.<\/div>\n<div dir=\"auto\"><\/div>\n<div dir=\"auto\">\u00abAlguien debe tener un poco de conciencia. Est\u00e1n haciendo mucho da\u00f1o. El fiscal Bryant debe renunciar por el bien de Colima. Su permanencia es INSOSTENIBLE y su llegada fue una irresponsabilidad de quienes lo propusieron, de quienes lo aprobaron y de quienes lo han sostenido.<\/div>\n<div dir=\"auto\"><\/div>\n<div dir=\"auto\">La fiscal\u00eda carece, porque l@s responsables as\u00ed han querido que carezca, de los materiales y herramientas esenciales para desempe\u00f1ar sus funciones, han violentado casi de manera permanente los derechos de quienes hemos sido v\u00edctimas de un delito, han sido totalmente omisos en asumir sus responsabilidades y dar un resultado en la investigaci\u00f3n de los delitos, en la persecuci\u00f3n de los implicados en esos delitos y en consignarlos debidamente, y desde luego acabar con la impunidad.<\/div>\n<div dir=\"auto\"><\/div>\n<div dir=\"auto\">Mejor se ocupan de atender grillas pol\u00edticas que perseguir los graves delitos que se cometen a diario.<\/div>\n<div dir=\"auto\"><\/div>\n<div dir=\"auto\">Tan carece la fiscal\u00eda de todo, que carece de fiscal.<\/div>\n","protected":false},"excerpt":{"rendered":"<p>*La alcaldesade Manzanillo nuevamente alza la voz y en en sus redes sociales dijo que \u00abalguien debe tener un poco de conciencia, est\u00e1n haciendo mucho da\u00f1o\u00bb. Manzanillo Col.- La ma\u00f1ana de este martes, la presidenta municipal de Manzanillo, Griselda Mart\u00ednez Mart\u00ednez, nuevamente alzo la voz en sus redes sociales para exigir la renuncia del Fiscal&#8230;<\/p>\n","protected":false},"author":2,"featured_media":25599,"comment_status":"open","ping_status":"open","sticky":false,"template":"","format":"standard","meta":{"footnotes":""},"categories":[35,8],"tags":[29,30,28],"class_list":["post-25598","post","type-post","status-publish","format-standard","has-post-thumbnail","hentry","category-manzanillo","category-municipios","tag-grid","tag-news","tag-slider"],"_links":{"self":[{"href":"http:\/\/elobservatorio.com.mx\/index.php?rest_route=\/wp\/v2\/posts\/25598"}],"collection":[{"href":"http:\/\/elobservatorio.com.mx\/index.php?rest_route=\/wp\/v2\/posts"}],"about":[{"href":"http:\/\/elobservatorio.com.mx\/index.php?rest_route=\/wp\/v2\/types\/post"}],"author":[{"embeddable":true,"href":"http:\/\/elobservatorio.com.mx\/index.php?rest_route=\/wp\/v2\/users\/2"}],"replies":[{"embeddable":true,"href":"http:\/\/elobservatorio.com.mx\/index.php?rest_route=%2Fwp%2Fv2%2Fcomments&post=25598"}],"version-history":[{"count":0,"href":"http:\/\/elobservatorio.com.mx\/index.php?rest_route=\/wp\/v2\/posts\/25598\/revisions"}],"wp:featuredmedia":[{"embeddable":true,"href":"http:\/\/elobservatorio.com.mx\/index.php?rest_route=\/wp\/v2\/media\/25599"}],"wp:attachment":[{"href":"http:\/\/elobservatorio.com.mx\/index.php?rest_route=%2Fwp%2Fv2%2Fmedia&parent=25598"}],"wp:term":[{"taxonomy":"category","embeddable":true,"href":"http:\/\/elobservatorio.com.mx\/index.php?rest_route=%2Fwp%2Fv2%2Fcategories&post=25598"},{"taxonomy":"post_tag","embeddable":true,"href":"http:\/\/elobservatorio.com.mx\/index.php?rest_route=%2Fwp%2Fv2%2Ftags&post=25598"}],"curies":[{"name":"wp","href":"https:\/\/api.w.org\/{rel}","templated":true}]}}