{"id":25604,"date":"2023-01-03T15:27:22","date_gmt":"2023-01-03T21:27:22","guid":{"rendered":"http:\/\/elobservatorio.com.mx\/?p=25604"},"modified":"2023-01-03T15:31:20","modified_gmt":"2023-01-03T21:31:20","slug":"oposicion-no-ocupa-perder-el-tiempo-exhibiendo-a-morena-solitos-se-caen-a-pedazos-roberto-verduzco","status":"publish","type":"post","link":"http:\/\/elobservatorio.com.mx\/?p=25604","title":{"rendered":"En MORENA solitos se caen a pedazos, no se ocupa exhibirlos: Roberto Verduzco"},"content":{"rendered":"<p><em>*Es una ley de la vida de que todo lo que sube r\u00e1pido de la misma forma cae, dice el dirigente de Movimiento Ciudadano en Tecom\u00e1n.<\/em><\/p>\n<p><em>*Salida de Leoncio Mor\u00e1n de la dirigencia, es parte de un proceso normal de renovaci\u00f3n del partido, opina\u00a0<\/em><\/p>\n<p>Tecom\u00e1n Col<em>.- <\/em><strong>El dirigente de Movimiento Ciudadano en Tecom\u00e1n, Roberto Verduzco Espinoza<\/strong>, se\u00f1al\u00f3 que las acusaciones entre mismos funcionarios de MORENA ( conflictos entre la alcaldesa de Manzanillo y la gobernadora del estado)\u00a0 y la falta de respuesta en el desempe\u00f1o de sus funciones, est\u00e1n demostrando lo que la oposici\u00f3n siempre ha manifestado, su falta de capacidad, pero sobretodo, que se marearon en el cargo.<\/p>\n<p>Dijo que desgraciadamente esa es una de las situaciones que pasa, cuando creces muy r\u00e1pido se pierde el piso facilmente, se pierde el tiempo, el respeto, la dignidad y hasta la militancia.<\/p>\n<p><strong>\u00abTiene que haber un respeto tanto de una parte como de la otra para que puedan ir de la mano juntos y que no se contrapunteen porque adem\u00e1s son del mismo partido,\u00a0 y entre ellos andan en problemas, pues eso es parte de lo que ha\u00a0 venido desmoronando a MORENA precisamente\u00bb\u00a0<\/strong><\/p>\n<p>El tambi\u00e9n regidor tecomense, a\u00f1adi\u00f3, \u00abcreemos que (MORENA) todav\u00eda trae algo de aceptaci\u00f3n de la gente, pero si te pones a analizar el mismo presidente Andr\u00e9s Manuel L\u00f3pez ya baj\u00f3 a un 50 % de la aceptaci\u00f3n que ten\u00eda hace tres a\u00f1os y va\u00a0 a pasar lo mismo aqu\u00ed,\u00a0 el tiempo nos dar\u00e1 la raz\u00f3n\u00bb<\/p>\n<p>En Movimiento Ciudadano estamos sumando a liderazgos jovenes a los cuales invito a trav\u00e9s de este medio,\u00a0 porque esta elecci\u00f3n la van a decidir los jovenes, nosotros tenemos liderazgos muy jovenes muy importantes que los van a venir viendo salir a lo largo de este a\u00f1o,\u00a0 se est\u00e1n ya proyectando, son con los que vamos a trabajar y definitivamente creo que tenemos capacidad por ese lado y tenemos lineamientos claros y metas claras que vamos a llevar a cabo, adelant\u00f3<\/p>\n<p><strong>\u00abComo Movimiento Ciudadano estamos muy contentos por la aceptaci\u00f3n que ha\u00a0 tenido de la gente, hemos visto como MORENA se ha venido desmoronando, se ha venido abajo, t\u00fa sabes que es una\u00a0 ley de vida que lo que sube muy rapido,\u00a0 tiende a caer muy rapido. Vimos que en\u00a0 MORENA \u00a0no se cumpli\u00f3 con las expectativas que ofrecieron en su momento, por eso creo que una opci\u00f3n seria, con mucho futuro y con mucha capacidad es la de Movimiento Ciudadano\u00bb.<\/strong><\/p>\n<p>En ese sentido, Roberto Verduzco vaticin\u00f3 que le espera un 2023 muy bueno para Movimiento Cudadano, creo que se est\u00e1n replanteando muchas cosas,\u00a0 se est\u00e1n manejando muchas estrategias, se est\u00e1n manejando nuevos liderazgos, traemos mucha euforia a nivel nacional y muchas expectat\u00edvas,\u00a0 porque pese a que a\u00fan no son los tiempos, la gente nos pide que vaya <strong>Luis Donaldo Colosio<\/strong> encabezando este proyecto, pero hay liderazgos de sobra, hay capacidad y trabajo de sobra, nada m\u00e1s estamos esperando el banderazo, asever\u00f3.<\/p>\n<p>Respecto a la salida de <strong>Leoncio Mor\u00e1n<\/strong> como dirigente estatal de Movimiento Ciudadano, <strong>Roberto Verduzco<\/strong> expres\u00f3 que es parte de un proceso, como todos los procesos tienen que llegar a su fin, llega el momento en que se tienen que renovar liderazgos y creo que \u00e9l\u00a0 fue un l\u00edder muy importante en MC,\u00a0 logr\u00f3 levantar al partido,\u00a0 la prueba est\u00e1 en que fue presidente municipal de Colima<\/p>\n<p>\u00abPor mi parte estoy agradecido con Locho porque fue quien me invit\u00f3 a participar en este proyecto, le agradezco que haya confiado en\u00a0 mi persona en su momento, hicimos creo que buen papel, gracias al equipo que nos acompa\u00f1\u00f3 y que fue del brazo con nosotros en el proceso electoral,\u00a0 los resultados se est\u00e1n viendo y estoy agradecido con \u00e9l por la oportunidad\u00bb, finaliz\u00f3 .<\/p>\n<p>&nbsp;<\/p>\n<p>&nbsp;<\/p>\n","protected":false},"excerpt":{"rendered":"<p>*Es una ley de la vida de que todo lo que sube r\u00e1pido de la misma forma cae, dice el dirigente de Movimiento Ciudadano en Tecom\u00e1n. *Salida de Leoncio Mor\u00e1n de la dirigencia, es parte de un proceso normal de renovaci\u00f3n del partido, opina\u00a0 Tecom\u00e1n Col.- El dirigente de Movimiento Ciudadano en Tecom\u00e1n, Roberto Verduzco&#8230;<\/p>\n","protected":false},"author":2,"featured_media":25606,"comment_status":"open","ping_status":"open","sticky":false,"template":"","format":"standard","meta":{"footnotes":""},"categories":[43,10],"tags":[29,30,28],"class_list":["post-25604","post","type-post","status-publish","format-standard","has-post-thumbnail","hentry","category-entrevista","category-politica","tag-grid","tag-news","tag-slider"],"_links":{"self":[{"href":"http:\/\/elobservatorio.com.mx\/index.php?rest_route=\/wp\/v2\/posts\/25604"}],"collection":[{"href":"http:\/\/elobservatorio.com.mx\/index.php?rest_route=\/wp\/v2\/posts"}],"about":[{"href":"http:\/\/elobservatorio.com.mx\/index.php?rest_route=\/wp\/v2\/types\/post"}],"author":[{"embeddable":true,"href":"http:\/\/elobservatorio.com.mx\/index.php?rest_route=\/wp\/v2\/users\/2"}],"replies":[{"embeddable":true,"href":"http:\/\/elobservatorio.com.mx\/index.php?rest_route=%2Fwp%2Fv2%2Fcomments&post=25604"}],"version-history":[{"count":0,"href":"http:\/\/elobservatorio.com.mx\/index.php?rest_route=\/wp\/v2\/posts\/25604\/revisions"}],"wp:featuredmedia":[{"embeddable":true,"href":"http:\/\/elobservatorio.com.mx\/index.php?rest_route=\/wp\/v2\/media\/25606"}],"wp:attachment":[{"href":"http:\/\/elobservatorio.com.mx\/index.php?rest_route=%2Fwp%2Fv2%2Fmedia&parent=25604"}],"wp:term":[{"taxonomy":"category","embeddable":true,"href":"http:\/\/elobservatorio.com.mx\/index.php?rest_route=%2Fwp%2Fv2%2Fcategories&post=25604"},{"taxonomy":"post_tag","embeddable":true,"href":"http:\/\/elobservatorio.com.mx\/index.php?rest_route=%2Fwp%2Fv2%2Ftags&post=25604"}],"curies":[{"name":"wp","href":"https:\/\/api.w.org\/{rel}","templated":true}]}}