{"id":25641,"date":"2023-01-08T12:09:21","date_gmt":"2023-01-08T18:09:21","guid":{"rendered":"http:\/\/elobservatorio.com.mx\/?p=25641"},"modified":"2023-01-08T12:09:21","modified_gmt":"2023-01-08T18:09:21","slug":"ayuntamiento-de-colima-promueve-talleres-artisticos-y-capacitaciones-para-el-empleo","status":"publish","type":"post","link":"http:\/\/elobservatorio.com.mx\/?p=25641","title":{"rendered":"Ayuntamiento de Colima promueve talleres art\u00edsticos y capacitaciones para el empleo"},"content":{"rendered":"<p>*Son totalmente gratuitos, beneficiando a las familias del municipio de Colima, afirm\u00f3 la alcaldesa Margarita Moreno.<br aria-hidden=\"true\" \/><br aria-hidden=\"true\" \/>El Ayuntamiento de Colima, encabezado por la presidenta municipal Margarita Moreno, activ\u00f3 los talleres art\u00edsticos de canto, danza, mariachi, pintura, ballet, manualidades y de apoyo escolar, entre otras actividades recreativas y culturales, en el Auditorio Miguel de la Madrid y en la colonia Prados del Sur.<br aria-hidden=\"true\" \/>Las inscripciones son totalmente gratuitas y se pueden realizar a trav\u00e9s de la p\u00e1gina oficial del Ayuntamiento de Colima, as\u00ed como en las oficinas de la Direcci\u00f3n General Adjunta de Educaci\u00f3n, Cultura y Recreaci\u00f3n.<\/p>\n<p>Los horarios de los cursos son los siguientes: canto, de lunes a viernes, de 16:00 a 18:00 horas; compa\u00f1\u00eda de danza infantil, lunes, mi\u00e9rcoles y viernes, de 18:30 a 20:00 horas; armon\u00eda de mariachi, lunes y mi\u00e9rcoles, de 17:00 a 18:30 horas, y s\u00e1bados de 9:00 a 11:00 horas; trompeta de mariachi, mi\u00e9rcoles y s\u00e1bado, de 9: 00 a 11: 00 horas; viol\u00edn, martes de 16:00 a 18:00 horas y s\u00e1bados de 9:00 a 11:00 horas; guitarra, martes y jueves de 17:00 a 18:30 horas; todos estos cursos en el auditorio Miguel de la Madrid Hurtado.<br aria-hidden=\"true\" \/><br aria-hidden=\"true\" \/>De igual forma, danza polinesia, lunes, mi\u00e9rcoles y viernes, de 16:00 a 18:00 horas; pintura rangeliana, mi\u00e9rcoles y viernes, de 10:00 a 12:00 horas, en el auditorio Miguel de la Madrid Hurtado. Y en el centro cultural Bosques del Sur, Ballet, los mi\u00e9rcoles, de 16:00 a 18:00 horas; apoyo escolar, lunes, martes, jueves y viernes, de 15:30 a 18:30 horas; manualidades, martes, mi\u00e9rcoles y jueves, de 16:00 a 18:00 horas; y en actividades recreativas y deportivas, lunes y mi\u00e9rcoles, de 16:00 a 18:00 horas, y martes, jueves y viernes, a las 10:00 horas.<br aria-hidden=\"true\" \/><br aria-hidden=\"true\" \/>Asimismo, del 09 de enero al 03 de febrero se impartir\u00e1n cursos, como parte de la estrategia Aprendo+, en Power Point, de 15:00 a 16:00 horas; Word, 16:00 a 17:00 horas; y Excel de 17:00 a 18:00 horas.<br aria-hidden=\"true\" \/><br aria-hidden=\"true\" \/>Tambi\u00e9n, en coordinaci\u00f3n con la Fundaci\u00f3n Banorte y la organizaci\u00f3n Construyendo y Creciendo, a trav\u00e9s de la en la plataforma Capacite para el empleo, a partir del 10 de enero y dentro de las pr\u00f3ximas tres semanas, los martes y jueves, se impartir\u00e1n los cursos en Seguridad para Todas y Todos, de 15:00 a 16:00 horas; Prevenci\u00f3n en Delitos Cibern\u00e9ticos, de 16:00 a 17:00 horas; y Lenguas de Se\u00f1as nivel b\u00e1sico, de 17:00 a 18:00 horas.<br aria-hidden=\"true\" \/><br aria-hidden=\"true\" \/>Los requisitos para recibir estas capacitaciones son ser mayor de 18 a\u00f1os, llevar INE, CURP, comprobante de domicilio. Las capacitaciones se impartir\u00e1n en el aula educativa del Centro de Desarrollo Comunitario de El Tivoli. Para mayor informaci\u00f3n pueden comunicarse al tel\u00e9fono 312 316 3823.<br aria-hidden=\"true\" \/><br aria-hidden=\"true\" \/>Por todo lo anterior, se cumple la instrucci\u00f3n de la presidenta municipal de Colima, Margarita Moreno, para emprender acciones que generen un beneficio directo a las familias del municipio, impulsando actividades que les permiten generar nuevas habilidades y aprendizajes a las ni\u00f1as, ni\u00f1os y j\u00f3venes, adem\u00e1s de fomentar el autoempleo en la poblaci\u00f3n \u00a0mayor de edad.<\/p>\n","protected":false},"excerpt":{"rendered":"<p>*Son totalmente gratuitos, beneficiando a las familias del municipio de Colima, afirm\u00f3 la alcaldesa Margarita Moreno.El Ayuntamiento de Colima, encabezado por la presidenta municipal Margarita Moreno, activ\u00f3 los talleres art\u00edsticos de canto, danza, mariachi, pintura, ballet, manualidades y de apoyo escolar, entre otras actividades recreativas y culturales, en el Auditorio Miguel de la Madrid y&#8230;<\/p>\n","protected":false},"author":2,"featured_media":25642,"comment_status":"open","ping_status":"open","sticky":false,"template":"","format":"standard","meta":{"footnotes":""},"categories":[36,8],"tags":[29,30,28],"class_list":["post-25641","post","type-post","status-publish","format-standard","has-post-thumbnail","hentry","category-colima","category-municipios","tag-grid","tag-news","tag-slider"],"_links":{"self":[{"href":"http:\/\/elobservatorio.com.mx\/index.php?rest_route=\/wp\/v2\/posts\/25641"}],"collection":[{"href":"http:\/\/elobservatorio.com.mx\/index.php?rest_route=\/wp\/v2\/posts"}],"about":[{"href":"http:\/\/elobservatorio.com.mx\/index.php?rest_route=\/wp\/v2\/types\/post"}],"author":[{"embeddable":true,"href":"http:\/\/elobservatorio.com.mx\/index.php?rest_route=\/wp\/v2\/users\/2"}],"replies":[{"embeddable":true,"href":"http:\/\/elobservatorio.com.mx\/index.php?rest_route=%2Fwp%2Fv2%2Fcomments&post=25641"}],"version-history":[{"count":0,"href":"http:\/\/elobservatorio.com.mx\/index.php?rest_route=\/wp\/v2\/posts\/25641\/revisions"}],"wp:featuredmedia":[{"embeddable":true,"href":"http:\/\/elobservatorio.com.mx\/index.php?rest_route=\/wp\/v2\/media\/25642"}],"wp:attachment":[{"href":"http:\/\/elobservatorio.com.mx\/index.php?rest_route=%2Fwp%2Fv2%2Fmedia&parent=25641"}],"wp:term":[{"taxonomy":"category","embeddable":true,"href":"http:\/\/elobservatorio.com.mx\/index.php?rest_route=%2Fwp%2Fv2%2Fcategories&post=25641"},{"taxonomy":"post_tag","embeddable":true,"href":"http:\/\/elobservatorio.com.mx\/index.php?rest_route=%2Fwp%2Fv2%2Ftags&post=25641"}],"curies":[{"name":"wp","href":"https:\/\/api.w.org\/{rel}","templated":true}]}}