{"id":25644,"date":"2023-01-08T12:41:15","date_gmt":"2023-01-08T18:41:15","guid":{"rendered":"http:\/\/elobservatorio.com.mx\/?p=25644"},"modified":"2023-01-08T12:41:15","modified_gmt":"2023-01-08T18:41:15","slug":"la-scjn-nos-da-la-razon-a-favor-de-las-y-los-manzanillenses-griselda-martinez","status":"publish","type":"post","link":"http:\/\/elobservatorio.com.mx\/?p=25644","title":{"rendered":"La SCJN nos da la raz\u00f3n; a favor de las  y los manzanillenses: Griselda Mart\u00ednez"},"content":{"rendered":"<p>Luego de que la Suprema Corte de Justicia de la Naci\u00f3n (SCJN) fallara a favor de la controversia constitucional que emprendi\u00f3 el Ayuntamiento de Manzanillo en contra de la aprobaci\u00f3n del Congreso del Estado sobre no cobrar el servicio de agua potable y drenaje a escuelas p\u00fablicas, la presidenta Griselda Mart\u00ednez sostuvo que una vez m\u00e1s la raz\u00f3n jur\u00eddica imper\u00f3, al corregirse otra vez \u201cla plana\u201d al Poder Legislativo, a favor de las y los manzanillenses.<\/p>\n<p>La alcaldesa, se\u00f1al\u00f3 que, desde la legislatura pasada, ha existido un bloqueo en perjuicio de las y los manzanillenses, donde han extralimitado funciones al ir en contra de las facultades del gobierno municipal que encabeza, \u201cpues en el tema del agua atentaron en contra de los ingresos para el municipio, recursos que son para mejorar servicios y para el patrimonio de la poblaci\u00f3n\u201d.<\/p>\n<p>Advirti\u00f3 que algo similar ha pasado con el dictamen de las tablas de valores respecto del impuesto predial que tampoco fue aprobado y tambi\u00e9n en algunas cuestiones de la reci\u00e9n aprobada Ley de Asentamientos Humanos para el estado de Colima.<\/p>\n<p>En ese sentido, detall\u00f3 que en ese nuevo ordenamiento se pretende centralizar los tr\u00e1mites ante las \u00e1reas de Desarrollo Urbano, lo cual va a dificultar los procesos de desarrolladores y de las personas que pretendan hacer alg\u00fan tipo de construcci\u00f3n, \u201cnosotros estamos a la inversa, pues trabajamos en la mejora continua para simplificar tr\u00e1mites y hacer \u00e1giles los procesos\u201d.<\/p>\n<p>Dijo que se valora, en qu\u00e9 aspectos, y en qu\u00e9 forma legal se actuar\u00e1 para contrarrestar los efectos de esa Ley de Asentamientos Humanos del Estado de Colima\u201d.<\/p>\n","protected":false},"excerpt":{"rendered":"<p>Luego de que la Suprema Corte de Justicia de la Naci\u00f3n (SCJN) fallara a favor de la controversia constitucional que emprendi\u00f3 el Ayuntamiento de Manzanillo en contra de la aprobaci\u00f3n del Congreso del Estado sobre no cobrar el servicio de agua potable y drenaje a escuelas p\u00fablicas, la presidenta Griselda Mart\u00ednez sostuvo que una vez&#8230;<\/p>\n","protected":false},"author":2,"featured_media":25645,"comment_status":"open","ping_status":"open","sticky":false,"template":"","format":"standard","meta":{"footnotes":""},"categories":[35,8],"tags":[29,30,28],"class_list":["post-25644","post","type-post","status-publish","format-standard","has-post-thumbnail","hentry","category-manzanillo","category-municipios","tag-grid","tag-news","tag-slider"],"_links":{"self":[{"href":"http:\/\/elobservatorio.com.mx\/index.php?rest_route=\/wp\/v2\/posts\/25644"}],"collection":[{"href":"http:\/\/elobservatorio.com.mx\/index.php?rest_route=\/wp\/v2\/posts"}],"about":[{"href":"http:\/\/elobservatorio.com.mx\/index.php?rest_route=\/wp\/v2\/types\/post"}],"author":[{"embeddable":true,"href":"http:\/\/elobservatorio.com.mx\/index.php?rest_route=\/wp\/v2\/users\/2"}],"replies":[{"embeddable":true,"href":"http:\/\/elobservatorio.com.mx\/index.php?rest_route=%2Fwp%2Fv2%2Fcomments&post=25644"}],"version-history":[{"count":0,"href":"http:\/\/elobservatorio.com.mx\/index.php?rest_route=\/wp\/v2\/posts\/25644\/revisions"}],"wp:featuredmedia":[{"embeddable":true,"href":"http:\/\/elobservatorio.com.mx\/index.php?rest_route=\/wp\/v2\/media\/25645"}],"wp:attachment":[{"href":"http:\/\/elobservatorio.com.mx\/index.php?rest_route=%2Fwp%2Fv2%2Fmedia&parent=25644"}],"wp:term":[{"taxonomy":"category","embeddable":true,"href":"http:\/\/elobservatorio.com.mx\/index.php?rest_route=%2Fwp%2Fv2%2Fcategories&post=25644"},{"taxonomy":"post_tag","embeddable":true,"href":"http:\/\/elobservatorio.com.mx\/index.php?rest_route=%2Fwp%2Fv2%2Ftags&post=25644"}],"curies":[{"name":"wp","href":"https:\/\/api.w.org\/{rel}","templated":true}]}}