{"id":2567,"date":"2019-02-20T04:43:43","date_gmt":"2019-02-20T04:43:43","guid":{"rendered":"http:\/\/elobservatorio.com.mx\/ex-abogados-de-el-chapo-confian-que-amlo-intervendra-para-que-sea-repatriado-a-mexico"},"modified":"2019-02-20T04:43:43","modified_gmt":"2019-02-20T04:43:43","slug":"ex-abogados-de-el-chapo-confian-que-amlo-intervendra-para-que-sea-repatriado-a-mexico","status":"publish","type":"post","link":"http:\/\/elobservatorio.com.mx\/?p=2567","title":{"rendered":"Ex abogados de El Chapo conf\u00edan que AMLO intervendr\u00e1 para que sea repatriado a M\u00e9xico"},"content":{"rendered":"<div class=\"text-excerpt hidden-xs\"><em>*El ex abogado de El Chapo indic\u00f3 que el pasado 14 de febrero en Badiraguato, Sinaloa, la madre del ex l\u00edder\u00a0 del C\u00e1rtel de Sinaloa entreg\u00f3 una carta al presidente Andr\u00e9s Manuel L\u00f3pez Obrador, quien la guard\u00f3 en el bolsillo de su camisa<\/em><\/div>\n<div>\n<p>El ex abogado de\u00a0<strong>Joaqu\u00edn \u201cEl Chapo\u201d Guzm\u00e1n<\/strong>\u00a0en<strong>\u00a0M\u00e9xico, Jos\u00e9 Luis Gonz\u00e1lez Meza<\/strong>, afirm\u00f3 que el conocido narcotraficante debi\u00f3 ser juzgado en el pa\u00eds, al calificar como \u201cp\u00e9simo\u201d el trabajo de los defensores en\u00a0<strong>Estados Unidos<\/strong>.<\/p>\n<p>Indic\u00f3 que el pasado 14 de febrero en\u00a0<strong>Badiraguato, Sinaloa<\/strong>, la madre del ex l\u00edderl del<strong>\u00a0C\u00e1rtel de Sinaloa<\/strong>\u00a0entreg\u00f3 una carta al presidente<strong>\u00a0Andr\u00e9s Manuel L\u00f3pez Obrador<\/strong>, quien la guard\u00f3 en el bolsillo de su camisa.<\/p>\n<p>\u201cNosotros creemos y tenemos confianza en el se\u00f1or presidente Andr\u00e9s Manuel L\u00f3pez Obrador para que El Chapo sea repatriado\u201d, expres\u00f3.<\/p>\n<p>Acompa\u00f1ado de los abogados, Juan Pablo Badillo y Javier Gomez Xolalpa; el defensor coment\u00f3 que acudir\u00e1n directamente a Palacio Nacional para entregar de manera formal la carta en la que Loera P\u00e9rez pide la intervenci\u00f3n del Ejecutivo.<\/p>\n<p>Adem\u00e1s se solicitar\u00e1 la intervenci\u00f3n del presidente para que el gobierno de EU autorice visas humanitarias para ella y sus hijas, Aemidia y Bernarda Guzm\u00e1n Loera.<\/p>\n<p>Con informaci\u00f3n de <em>24- horas.mx<\/em><\/p>\n<\/div>\n","protected":false},"excerpt":{"rendered":"<p>*El ex abogado de El Chapo indic\u00f3 que el pasado 14 de febrero en Badiraguato, Sinaloa, la madre del ex l\u00edder\u00a0 del C\u00e1rtel de Sinaloa entreg\u00f3 una carta al presidente Andr\u00e9s Manuel L\u00f3pez Obrador, quien la guard\u00f3 en el bolsillo de su camisa El ex abogado de\u00a0Joaqu\u00edn \u201cEl Chapo\u201d Guzm\u00e1n\u00a0en\u00a0M\u00e9xico, Jos\u00e9 Luis Gonz\u00e1lez Meza, afirm\u00f3&#8230;<\/p>\n","protected":false},"author":2,"featured_media":2568,"comment_status":"open","ping_status":"open","sticky":false,"template":"","format":"standard","meta":{"footnotes":""},"categories":[13],"tags":[29,30,28],"class_list":["post-2567","post","type-post","status-publish","format-standard","has-post-thumbnail","hentry","category-nacion-y-mundo","tag-grid","tag-news","tag-slider"],"_links":{"self":[{"href":"http:\/\/elobservatorio.com.mx\/index.php?rest_route=\/wp\/v2\/posts\/2567"}],"collection":[{"href":"http:\/\/elobservatorio.com.mx\/index.php?rest_route=\/wp\/v2\/posts"}],"about":[{"href":"http:\/\/elobservatorio.com.mx\/index.php?rest_route=\/wp\/v2\/types\/post"}],"author":[{"embeddable":true,"href":"http:\/\/elobservatorio.com.mx\/index.php?rest_route=\/wp\/v2\/users\/2"}],"replies":[{"embeddable":true,"href":"http:\/\/elobservatorio.com.mx\/index.php?rest_route=%2Fwp%2Fv2%2Fcomments&post=2567"}],"version-history":[{"count":0,"href":"http:\/\/elobservatorio.com.mx\/index.php?rest_route=\/wp\/v2\/posts\/2567\/revisions"}],"wp:featuredmedia":[{"embeddable":true,"href":"http:\/\/elobservatorio.com.mx\/index.php?rest_route=\/wp\/v2\/media\/2568"}],"wp:attachment":[{"href":"http:\/\/elobservatorio.com.mx\/index.php?rest_route=%2Fwp%2Fv2%2Fmedia&parent=2567"}],"wp:term":[{"taxonomy":"category","embeddable":true,"href":"http:\/\/elobservatorio.com.mx\/index.php?rest_route=%2Fwp%2Fv2%2Fcategories&post=2567"},{"taxonomy":"post_tag","embeddable":true,"href":"http:\/\/elobservatorio.com.mx\/index.php?rest_route=%2Fwp%2Fv2%2Ftags&post=2567"}],"curies":[{"name":"wp","href":"https:\/\/api.w.org\/{rel}","templated":true}]}}