{"id":25682,"date":"2023-01-10T22:30:52","date_gmt":"2023-01-11T04:30:52","guid":{"rendered":"http:\/\/elobservatorio.com.mx\/?p=25682"},"modified":"2023-01-10T22:30:52","modified_gmt":"2023-01-11T04:30:52","slug":"margarita-moreno-pone-en-marcha-la-construccion-de-la-casa-de-dia-para-adultos-mayores","status":"publish","type":"post","link":"http:\/\/elobservatorio.com.mx\/?p=25682","title":{"rendered":"Margarita Moreno pone en marcha la construcci\u00f3n de la Casa de d\u00eda para Adultos Mayores"},"content":{"rendered":"<div dir=\"auto\"><em>*Este inmueble se ubicar\u00e1 en el Parque Hidalgo, permitir\u00e1 reforzar las actividades de convivencia y apoyo a este sector de la poblaci\u00f3n.<\/em><\/div>\n<div dir=\"auto\"><\/div>\n<div dir=\"auto\">La presidenta municipal de Colima, Margarita Moreno, est\u00e1 cumpliendo con un compromiso m\u00e1s en favor de las Personas Adultas Mayores de<\/div>\n<div dir=\"auto\">la capital, al poner en marcha la construcci\u00f3n de la Casa de d\u00eda, que se ubicar\u00e1 en las inmediaciones del Parque Hidalgo, a un costado de las instalaciones del DIF Municipal.<\/div>\n<div dir=\"auto\"><\/div>\n<div dir=\"auto\">En esta Casa de d\u00eda, se ofrecer\u00e1n talleres, capacitaci\u00f3n, as\u00ed como actividades recreativas para el desarrollo de las personas que forman parte de los grupos de convivencia que ya existen y que, ahora, gozar\u00e1n de infraestructura que les permitir\u00e1 tener mejores espacios.<\/div>\n<div dir=\"auto\"><\/div>\n<div dir=\"auto\">\u00abMe emociona saber que un compromiso que hicimos con ustedes hoy ya lo estamos haciendo realidad. Ustedes son muy importantes para las familias de Colima y hoy nos toca regresarles un poco de lo mucho que nos han dado\u00bb, coment\u00f3 la presidenta.<\/div>\n<div dir=\"auto\"><\/div>\n<div dir=\"auto\">Record\u00f3 que los grupos de convivencia de las personas adultas mayores de DIF Municipal han crecido, ampliando la atenci\u00f3n en Tepames y en El Porvenir, mientras que el del Parque Hidalgo, con esta obra que se inicia ofrecer\u00e1 mejores condiciones para su desarrollo.<\/div>\n<div dir=\"auto\"><\/div>\n<div dir=\"auto\">La obra consiste en la construcci\u00f3n de un edificio techado para usos m\u00faltipes, as\u00ed como dos m\u00f3dulos de sanitarios con todas las caracter\u00edsticas para ofrecer la accesibilidad de las personas adultas mayores, teniendo la posibilidad de utilizar este espacio para las diferentes actividades.<\/div>\n<div dir=\"auto\"><\/div>\n<div dir=\"auto\">\u00abPodemos hacer muchas actividades para todas y todos ustedes. Porque ustedes los Adultos Mayores nos contagian siempre con su sensibilidad y amor\u00bb, refiri\u00f3 la presidenta municipal.<\/div>\n<div dir=\"auto\"><\/div>\n<div dir=\"auto\">La directora del DIF Municipal Colima, Dulce Campos Grimaldo, agradeci\u00f3 el respaldo de la presidenta para la instituci\u00f3n, que ha hecho posible seguir atendiendo a m\u00e1s mujeres y hombres , ahora, con un espacio decoroso, seguro y accesible para quienes asisten a las actividades.<\/div>\n<div dir=\"auto\"><\/div>\n<div dir=\"auto\">En este evento estuvieron presentes el director de Obras P\u00fablicas, Omar Cruz Carrillo; el director del Instituto de Planeaci\u00f3n del Municipio de Colima, Jos\u00e9 de Jes\u00fas S\u00e4nchez Romo; los regidores Osiris Alcaraz Saucedo, as\u00ed como Jonathan S\u00e1nchez Peregrina y la embajadora de las Personas Adultas Mayores del Municipio de Colima, Estela Larios Barreto.<\/div>\n","protected":false},"excerpt":{"rendered":"<p>*Este inmueble se ubicar\u00e1 en el Parque Hidalgo, permitir\u00e1 reforzar las actividades de convivencia y apoyo a este sector de la poblaci\u00f3n. La presidenta municipal de Colima, Margarita Moreno, est\u00e1 cumpliendo con un compromiso m\u00e1s en favor de las Personas Adultas Mayores de la capital, al poner en marcha la construcci\u00f3n de la Casa de&#8230;<\/p>\n","protected":false},"author":2,"featured_media":25683,"comment_status":"open","ping_status":"open","sticky":false,"template":"","format":"standard","meta":{"footnotes":""},"categories":[36,8],"tags":[29,30,28],"class_list":["post-25682","post","type-post","status-publish","format-standard","has-post-thumbnail","hentry","category-colima","category-municipios","tag-grid","tag-news","tag-slider"],"_links":{"self":[{"href":"http:\/\/elobservatorio.com.mx\/index.php?rest_route=\/wp\/v2\/posts\/25682"}],"collection":[{"href":"http:\/\/elobservatorio.com.mx\/index.php?rest_route=\/wp\/v2\/posts"}],"about":[{"href":"http:\/\/elobservatorio.com.mx\/index.php?rest_route=\/wp\/v2\/types\/post"}],"author":[{"embeddable":true,"href":"http:\/\/elobservatorio.com.mx\/index.php?rest_route=\/wp\/v2\/users\/2"}],"replies":[{"embeddable":true,"href":"http:\/\/elobservatorio.com.mx\/index.php?rest_route=%2Fwp%2Fv2%2Fcomments&post=25682"}],"version-history":[{"count":0,"href":"http:\/\/elobservatorio.com.mx\/index.php?rest_route=\/wp\/v2\/posts\/25682\/revisions"}],"wp:featuredmedia":[{"embeddable":true,"href":"http:\/\/elobservatorio.com.mx\/index.php?rest_route=\/wp\/v2\/media\/25683"}],"wp:attachment":[{"href":"http:\/\/elobservatorio.com.mx\/index.php?rest_route=%2Fwp%2Fv2%2Fmedia&parent=25682"}],"wp:term":[{"taxonomy":"category","embeddable":true,"href":"http:\/\/elobservatorio.com.mx\/index.php?rest_route=%2Fwp%2Fv2%2Fcategories&post=25682"},{"taxonomy":"post_tag","embeddable":true,"href":"http:\/\/elobservatorio.com.mx\/index.php?rest_route=%2Fwp%2Fv2%2Ftags&post=25682"}],"curies":[{"name":"wp","href":"https:\/\/api.w.org\/{rel}","templated":true}]}}