{"id":25687,"date":"2023-01-18T17:50:59","date_gmt":"2023-01-18T23:50:59","guid":{"rendered":"http:\/\/elobservatorio.com.mx\/?p=25687"},"modified":"2023-01-18T17:50:59","modified_gmt":"2023-01-18T23:50:59","slug":"se-suma-fge-a-la-construccion-del-banco-nacional-de-datos-forenses","status":"publish","type":"post","link":"http:\/\/elobservatorio.com.mx\/?p=25687","title":{"rendered":"Se suma FGE a la construcci\u00f3n del Banco Nacional de Datos Forenses"},"content":{"rendered":"<p>La Fiscal\u00eda General del Estado (FGE) se sum\u00f3 a los trabajos para implementar el Banco Nacional de Datos Forenses (BNDF), derivado de los acuerdos emanados de la Segunda Sesi\u00f3n Ordinaria de las Zonas Noreste y Noroeste de la Conferencia Nacional de Procuraci\u00f3n de Justicia (CNPJ), realizada el pasado 14 de octubre del 2022, con la finalidad de establecer, por parte de los participantes, la coordinaci\u00f3n interinstitucional necesaria para su implementaci\u00f3n.<\/p>\n<p>En reuni\u00f3n de trabajo con autoridades federales, el titular de la FGE, Bryant Alejandro Garc\u00eda Ram\u00edrez, manifest\u00f3 que la instituci\u00f3n a su cargo tiene muy claro la responsabilidad y compromiso para que, mediante el esfuerzo conjunto se pueda hacer frente al fen\u00f3meno de la desaparici\u00f3n de personas; por ello dieron a conocer los avances que lleva la Fiscal\u00eda para la construcci\u00f3n del BNDF, el cual permitir\u00e1 la unificaci\u00f3n, sistematizaci\u00f3n y comparaci\u00f3n de la informaci\u00f3n forense de las v\u00edctimas en tiempo real.<\/p>\n<p>Durante la sesi\u00f3n de preguntas y respuestas, los representantes de la FGE hicieron algunas interrogantes sobre el Banco, con el objetivo de otorgar la informaci\u00f3n correcta y necesaria, a fin de contribuir al fortalecimiento de las investigaciones que se desarrollan en esta materia.<\/p>\n<p>Acompa\u00f1ado por los Directores de Coordinaci\u00f3n InterProcuradur\u00edas, \u00c1lvaro D\u00edaz Huizar; de Biolog\u00eda Molecular, Miguel \u00c1ngel del Moral; de Especialidades M\u00e9dico Forenses, Iv\u00e1n Mosquera Garc\u00eda y de personal General de An\u00e1lisis Nacional del Centro Nacional de Planeaci\u00f3n, An\u00e1lisis e Informaci\u00f3n para el Combate a la Delincuencia (CENAPI) de la Fiscal\u00eda General de la Rep\u00fablica (FGR), instancia encargada de la operatividad del BNDF, Garc\u00eda Ram\u00edrez llam\u00f3 a ver esta reuni\u00f3n como una oportunidad de atender el tema desde una perspectiva integral.<\/p>\n<p>Al hacer uso de la palabra, D\u00edaz Huizar reconoci\u00f3 la disposici\u00f3n de la FGE a trav\u00e9s de su titular por esta apertura a colaborar en el fortalecimiento del BNDF, que busca tambi\u00e9n sumar al resto de las fiscal\u00edas generales, instituciones y organizaciones.<\/p>\n<p>La reuni\u00f3n cont\u00f3 con la participaci\u00f3n del encargado del Despacho de la Fiscal\u00eda Especializada en Desaparici\u00f3n de Personas, H\u00e9ctor Javier Pe\u00f1a Meza; del Director General de Servicios Periciales y Ciencias Forenses, Jos\u00e9 Antonio Granados P\u00e9rez; del titular de la Direcci\u00f3n de Tecnolog\u00edas de Informaci\u00f3n; Rodolfo Ram\u00edrez M\u00e9ndez, as\u00ed como de funcionarios de la FGR.<\/p>\n","protected":false},"excerpt":{"rendered":"<p>La Fiscal\u00eda General del Estado (FGE) se sum\u00f3 a los trabajos para implementar el Banco Nacional de Datos Forenses (BNDF), derivado de los acuerdos emanados de la Segunda Sesi\u00f3n Ordinaria de las Zonas Noreste y Noroeste de la Conferencia Nacional de Procuraci\u00f3n de Justicia (CNPJ), realizada el pasado 14 de octubre del 2022, con la&#8230;<\/p>\n","protected":false},"author":2,"featured_media":25688,"comment_status":"open","ping_status":"open","sticky":false,"template":"","format":"standard","meta":{"footnotes":""},"categories":[15],"tags":[29,30,28],"class_list":["post-25687","post","type-post","status-publish","format-standard","has-post-thumbnail","hentry","category-seguridad-y-justicia","tag-grid","tag-news","tag-slider"],"_links":{"self":[{"href":"http:\/\/elobservatorio.com.mx\/index.php?rest_route=\/wp\/v2\/posts\/25687"}],"collection":[{"href":"http:\/\/elobservatorio.com.mx\/index.php?rest_route=\/wp\/v2\/posts"}],"about":[{"href":"http:\/\/elobservatorio.com.mx\/index.php?rest_route=\/wp\/v2\/types\/post"}],"author":[{"embeddable":true,"href":"http:\/\/elobservatorio.com.mx\/index.php?rest_route=\/wp\/v2\/users\/2"}],"replies":[{"embeddable":true,"href":"http:\/\/elobservatorio.com.mx\/index.php?rest_route=%2Fwp%2Fv2%2Fcomments&post=25687"}],"version-history":[{"count":0,"href":"http:\/\/elobservatorio.com.mx\/index.php?rest_route=\/wp\/v2\/posts\/25687\/revisions"}],"wp:featuredmedia":[{"embeddable":true,"href":"http:\/\/elobservatorio.com.mx\/index.php?rest_route=\/wp\/v2\/media\/25688"}],"wp:attachment":[{"href":"http:\/\/elobservatorio.com.mx\/index.php?rest_route=%2Fwp%2Fv2%2Fmedia&parent=25687"}],"wp:term":[{"taxonomy":"category","embeddable":true,"href":"http:\/\/elobservatorio.com.mx\/index.php?rest_route=%2Fwp%2Fv2%2Fcategories&post=25687"},{"taxonomy":"post_tag","embeddable":true,"href":"http:\/\/elobservatorio.com.mx\/index.php?rest_route=%2Fwp%2Fv2%2Ftags&post=25687"}],"curies":[{"name":"wp","href":"https:\/\/api.w.org\/{rel}","templated":true}]}}