{"id":2570,"date":"2019-02-20T17:45:30","date_gmt":"2019-02-20T17:45:30","guid":{"rendered":"http:\/\/elobservatorio.com.mx\/jaime-flores-y-el-desastre-de-la-educacion-en-colima"},"modified":"2019-02-20T17:45:30","modified_gmt":"2019-02-20T17:45:30","slug":"jaime-flores-y-el-desastre-de-la-educacion-en-colima","status":"publish","type":"post","link":"http:\/\/elobservatorio.com.mx\/?p=2570","title":{"rendered":"Jaime Flores y el desastre de la educaci\u00f3n en Colima"},"content":{"rendered":"<p><strong>Diurnarius<\/strong><\/p>\n<p><em>Miguel \u00c1ngel S\u00e1nchez Romero<\/em><\/p>\n<p>\u00bfQu\u00e9 est\u00e1 pasando en la Secretar\u00eda de Educaci\u00f3n del Estado?, es la pregunta que maestros, padres de familia y la sociedad colimense se est\u00e1n haciendo, debido a que pr\u00e1cticamente, desde que inici\u00f3 la administraci\u00f3n de Jos\u00e9 Ignacio Peralta S\u00e1nchez hace tres a\u00f1os, m\u00e1s que sobresalir por sus logros y avances en beneficios de la educaci\u00f3n de la ni\u00f1ez colimense, ha sobresalido por los conflictos magisteriales, las pugnas internas, la resistencia a romper con viejas pr\u00e1cticas y vicios anquilosados, pero sobre todo, por la violencia f\u00edsica y psicol\u00f3gica de la que han sido y son objeto estudiantes de diversos planteles, en la que sus agresores han sido tristemente sus propios compa\u00f1eros, lo que ha dejado al descubierto las graves deficiencias que sufre la educaci\u00f3n en Colima.<\/p>\n<p>Mientras que para el Gobernador la llegada de Jaime Flores Merlo a la Secretar\u00eda de Educaci\u00f3n del estado,\u00a0 fue una salida pol\u00edtica a un conflicto magisterial que se tornaba peligroso para su administraci\u00f3n; para la educaci\u00f3n result\u00f3 ser un retroceso y para la sociedad un factura muy cara que debe de pagar por una negociaci\u00f3n en la que al parecer no solo le fue entregada el control de la educaci\u00f3n al magisterio, sino que los vicios y las viejas pr\u00e1cticas que fueron acumulando algunos maestros y funcionarios a lo largo de los a\u00f1os se volvieron intocables.<\/p>\n<p>El caso ocurrido en la escuela primaria Miguel Galindo de la delegaci\u00f3n de Jalipa, en el municipio de Manzanillo, que es investigado por Comisi\u00f3n de Derechos Humanos del Estado de Colima, por posibles violaci\u00f3n a los derechos Humanos de la exdirectora de dicho plantel; debido a que al parecer su gran error fue el intentar aplicar la normatividad como los marcan los reglamentos y hacer las cosas bien, pero sobre todo por haber tratado de eliminar los viejos vicios y pr\u00e1cticas que afectaban al desarrollo de los estudiantes; lo que al parecer a Jaime Flores no le agrad\u00f3, por lo que decidi\u00f3 destituirla con un procedimiento poco ortodoxo, pero muy inquisitorio; pero esto, quiz\u00e1 solo sea la punta del iceberg, esperemos ver que resuelve la CDHE.<\/p>\n<p>Sin embargo, las pugnas generadas por un magisterio anquilosado que se resiste a perder privilegios y dar paso a la transformaci\u00f3n de la educaci\u00f3n y del propio sector educativo estatal, solo son una parte de los grandes conflictos por los que atraviesa la educaci\u00f3n en Colima; la otra parte, que es la m\u00e1s cruel y la que m\u00e1s afecta a los estudiantes y a la sociedad, y que indudablemente surge a ra\u00edz de conflictos magisteriales, es la violencia y malas atenciones que han ido en aumento en la entidad y que hasta ahora el Secretario de Educaci\u00f3n ha minimizado, incluso tratado de ocultar para no ser se\u00f1alado por lo deficiente que ha resultado su desempe\u00f1o como secretario de educaci\u00f3n y que tanto da\u00f1o ha causado a ni\u00f1os y ni\u00f1as del estado.<\/p>\n<p>Son varios los casos hasta ahora documentados y que gracias a que las madres o tutores los han denunciado ha sido posible conocer de ellos, ni\u00f1os golpeados severamente, violados, intoxicados por comer carne en estado de descomposici\u00f3n son solo algunas de las cosas que pasan en las escuelas de Colima, sin que la autoridad educativa diga nada, pero \u00bfcu\u00e1ntos casos de violencia en escuelas en los \u00faltimos tres a\u00f1os han quedado en el anonimato?, \u00bfcu\u00e1ntos ni\u00f1os y ni\u00f1as han sido v\u00edctimas de sus propios compa\u00f1eros o de maestros, y no han recibido atenci\u00f3n m\u00e9dica o psicol\u00f3gica?, \u00bfcu\u00e1ntos ni\u00f1os o ni\u00f1as m\u00e1s deben ser golpeados, abusados sexualmente, para que el secretario de Educaci\u00f3n asuma su responsabilidad y deje de evadir la realidad que viven los planteles educativos?.<\/p>\n<p>Esto solo son casos recientes, pero hasta ahora no se ha vuelto a hablar de los recursos que desaparecieron de la Secretar\u00eda de Educaci\u00f3n, de los aviadores que detecto el \u00f3rgano de fiscalizaci\u00f3n, temas que parecen haberle dado carpetazo con Jaime Flores Merlo, esperemos que no sea as\u00ed y pronto informe sobre estos y otros temas de inter\u00e9s p\u00fablico.<\/p>\n<p>Sin duda, ser\u00eda irresponsable generalizar o culpar a todos los maestros de la problem\u00e1tica que vive la Secretar\u00eda de Educaci\u00f3n del Estado y que afecta a miles de estudiantes, docentes y padres de familia; lo cierto, es que no se podr\u00e1 tener una educaci\u00f3n de calidad, mientras se sigan tolerando pr\u00e1cticas fuera de la normatividad y tratando de sostener un sistema educativo caduco y plagado de vicios.<\/p>\n<p><a href=\"mailto:miguelinosan@yahoo.com.mx\">miguelinosan@yahoo.com.mx<\/a><\/p>\n<p>&nbsp;<\/p>\n","protected":false},"excerpt":{"rendered":"<p>Diurnarius Miguel \u00c1ngel S\u00e1nchez Romero \u00bfQu\u00e9 est\u00e1 pasando en la Secretar\u00eda de Educaci\u00f3n del Estado?, es la pregunta que maestros, padres de familia y la sociedad colimense se est\u00e1n haciendo, debido a que pr\u00e1cticamente, desde que inici\u00f3 la administraci\u00f3n de Jos\u00e9 Ignacio Peralta S\u00e1nchez hace tres a\u00f1os, m\u00e1s que sobresalir por sus logros y avances&#8230;<\/p>\n","protected":false},"author":2,"featured_media":694,"comment_status":"open","ping_status":"open","sticky":false,"template":"","format":"standard","meta":{"footnotes":""},"categories":[11],"tags":[29,30,28],"class_list":["post-2570","post","type-post","status-publish","format-standard","has-post-thumbnail","hentry","category-opinion","tag-grid","tag-news","tag-slider"],"_links":{"self":[{"href":"http:\/\/elobservatorio.com.mx\/index.php?rest_route=\/wp\/v2\/posts\/2570"}],"collection":[{"href":"http:\/\/elobservatorio.com.mx\/index.php?rest_route=\/wp\/v2\/posts"}],"about":[{"href":"http:\/\/elobservatorio.com.mx\/index.php?rest_route=\/wp\/v2\/types\/post"}],"author":[{"embeddable":true,"href":"http:\/\/elobservatorio.com.mx\/index.php?rest_route=\/wp\/v2\/users\/2"}],"replies":[{"embeddable":true,"href":"http:\/\/elobservatorio.com.mx\/index.php?rest_route=%2Fwp%2Fv2%2Fcomments&post=2570"}],"version-history":[{"count":0,"href":"http:\/\/elobservatorio.com.mx\/index.php?rest_route=\/wp\/v2\/posts\/2570\/revisions"}],"wp:featuredmedia":[{"embeddable":true,"href":"http:\/\/elobservatorio.com.mx\/index.php?rest_route=\/wp\/v2\/media\/694"}],"wp:attachment":[{"href":"http:\/\/elobservatorio.com.mx\/index.php?rest_route=%2Fwp%2Fv2%2Fmedia&parent=2570"}],"wp:term":[{"taxonomy":"category","embeddable":true,"href":"http:\/\/elobservatorio.com.mx\/index.php?rest_route=%2Fwp%2Fv2%2Fcategories&post=2570"},{"taxonomy":"post_tag","embeddable":true,"href":"http:\/\/elobservatorio.com.mx\/index.php?rest_route=%2Fwp%2Fv2%2Ftags&post=2570"}],"curies":[{"name":"wp","href":"https:\/\/api.w.org\/{rel}","templated":true}]}}