{"id":25768,"date":"2023-01-28T13:06:49","date_gmt":"2023-01-28T19:06:49","guid":{"rendered":"http:\/\/elobservatorio.com.mx\/?p=25768"},"modified":"2023-01-28T13:06:49","modified_gmt":"2023-01-28T19:06:49","slug":"encargado-de-semarnat-en-colima-cobra-piso","status":"publish","type":"post","link":"http:\/\/elobservatorio.com.mx\/?p=25768","title":{"rendered":"Encargado de SEMARNAT en Colima cobra piso"},"content":{"rendered":"<div class=\"x11i5rnm xat24cr x1mh8g0r x1vvkbs xdj266r x126k92a\">\n<div dir=\"auto\"><\/div>\n<\/div>\n<div class=\"x11i5rnm xat24cr x1mh8g0r x1vvkbs xtlvy1s x126k92a\">\n<div dir=\"auto\">As\u00ed denunci\u00f3 la Senadora Gabriela Benavides Cobos al Encargado de la Delegaci\u00f3n de SEMARNAT en el estado de Colima Eloy Garc\u00eda Alcaraz. Despu\u00e9s de las m\u00faltiples quejas y denuncias de los comerciantes ante la Senadora donde Eloy Garc\u00eda Alcaraz les pide el pago al CASH hasta 4 ocasiones a cada unos de los comerciantes en Manzanillo cosa irregular y grave.<\/div>\n<div dir=\"auto\"><\/div>\n<div dir=\"auto\">No es la primera vez que Eloy Garc\u00eda Alcaraz pide diezmo o cuotas de recuperaci\u00f3n pues cuando fue Delegado de Profepa en Colima en el Periodo de Felipe Calder\u00f3n Hinojosa,\u00a0 hizo lo mismo cobrando no solo diezmos si no hasta el 15% dependiendo del tr\u00e1mite o licencia que solicitaran.<\/div>\n<div dir=\"auto\"><\/div>\n<div dir=\"auto\">Eloy Garcia Alcaraz en el 2015 fue coordinar de Campa\u00f1a del ex gobernador y PRIISTA Jose Ignacio Peralta,\u00a0 pero no le dur\u00f3 mucho el gusto y a los 7 d\u00edas de ser Nombrado Coordinador de manera URGENTE lo sustituy\u00f3, pues lleg\u00f3 a o\u00eddos de Jos\u00e9 Ignacio Peralta que el Lic. Eloy Garc\u00eda Alcaraz ped\u00eda dinero seg\u00fan para la campa\u00f1a de JIPS.<\/div>\n<div dir=\"auto\"><\/div>\n<div dir=\"auto\">Proveniente del Grupo Sabidur\u00eda y Experiencia donde sin duda tiene la experiencia para robar y sabio para lavarle el coco a quien le apoyo para llegar a ese cargo.<\/div>\n<div dir=\"auto\"><\/div>\n<div dir=\"auto\">Es as\u00ed como deja mal parados al grupo de sabidur\u00eda y experiencia pues parece que ese grupo s\u00f3lo se creo para aprovechar y cobrarle a la Titular del estado Indira Vizcaino Silva y llegar a los puestos a robar.<\/div>\n<div dir=\"auto\"><\/div>\n<div dir=\"auto\">Recordemos que Eloy Garc\u00eda Alcaraz es emanado del PAN hace algunos a\u00f1os y despu\u00e9s chapul\u00edn al PRI ahora es un Rat\u00f3n vestido de Morena. Urge la remoci\u00f3n de este personaje corrupto y vividor.<\/div>\n<\/div>\n","protected":false},"excerpt":{"rendered":"<p>As\u00ed denunci\u00f3 la Senadora Gabriela Benavides Cobos al Encargado de la Delegaci\u00f3n de SEMARNAT en el estado de Colima Eloy Garc\u00eda Alcaraz. Despu\u00e9s de las m\u00faltiples quejas y denuncias de los comerciantes ante la Senadora donde Eloy Garc\u00eda Alcaraz les pide el pago al CASH hasta 4 ocasiones a cada unos de los comerciantes en&#8230;<\/p>\n","protected":false},"author":2,"featured_media":25769,"comment_status":"open","ping_status":"open","sticky":false,"template":"","format":"standard","meta":{"footnotes":""},"categories":[12],"tags":[29,30,28],"class_list":["post-25768","post","type-post","status-publish","format-standard","has-post-thumbnail","hentry","category-sociedad","tag-grid","tag-news","tag-slider"],"_links":{"self":[{"href":"http:\/\/elobservatorio.com.mx\/index.php?rest_route=\/wp\/v2\/posts\/25768"}],"collection":[{"href":"http:\/\/elobservatorio.com.mx\/index.php?rest_route=\/wp\/v2\/posts"}],"about":[{"href":"http:\/\/elobservatorio.com.mx\/index.php?rest_route=\/wp\/v2\/types\/post"}],"author":[{"embeddable":true,"href":"http:\/\/elobservatorio.com.mx\/index.php?rest_route=\/wp\/v2\/users\/2"}],"replies":[{"embeddable":true,"href":"http:\/\/elobservatorio.com.mx\/index.php?rest_route=%2Fwp%2Fv2%2Fcomments&post=25768"}],"version-history":[{"count":0,"href":"http:\/\/elobservatorio.com.mx\/index.php?rest_route=\/wp\/v2\/posts\/25768\/revisions"}],"wp:featuredmedia":[{"embeddable":true,"href":"http:\/\/elobservatorio.com.mx\/index.php?rest_route=\/wp\/v2\/media\/25769"}],"wp:attachment":[{"href":"http:\/\/elobservatorio.com.mx\/index.php?rest_route=%2Fwp%2Fv2%2Fmedia&parent=25768"}],"wp:term":[{"taxonomy":"category","embeddable":true,"href":"http:\/\/elobservatorio.com.mx\/index.php?rest_route=%2Fwp%2Fv2%2Fcategories&post=25768"},{"taxonomy":"post_tag","embeddable":true,"href":"http:\/\/elobservatorio.com.mx\/index.php?rest_route=%2Fwp%2Fv2%2Ftags&post=25768"}],"curies":[{"name":"wp","href":"https:\/\/api.w.org\/{rel}","templated":true}]}}