{"id":25806,"date":"2023-02-08T13:58:46","date_gmt":"2023-02-08T19:58:46","guid":{"rendered":"http:\/\/elobservatorio.com.mx\/?p=25806"},"modified":"2023-02-08T13:58:46","modified_gmt":"2023-02-08T19:58:46","slug":"ante-recesion-economica-el-38-de-los-mexicanos-priorizan-planear-para-el-futuro-nielseniq","status":"publish","type":"post","link":"http:\/\/elobservatorio.com.mx\/?p=25806","title":{"rendered":"Ante recesi\u00f3n econ\u00f3mica, el 38% de los mexicanos priorizan planear para el futuro: NielsenIQ"},"content":{"rendered":"<p><em><span lang=\"ES\">*58% de la poblaci\u00f3n mexicana prev\u00e9 una recesi\u00f3n de m\u00e1s de 12 meses<\/span><\/em><\/p>\n<p><em><span lang=\"ES\">*61% de los mexicanos s\u00f3lo tienen suficiente para comida, vivienda y productos b\u00e1sicos<\/span><\/em><\/p>\n<p class=\"x_MsoNormal\"><b><span lang=\"ES\">Ciudad de M\u00e9xico, 8 de febrero de 2023- <\/span><\/b><span lang=\"ES\">Es un hecho que el panorama econ\u00f3mico en M\u00e9xico sigue siendo incierto. De acuerdo con cifras del INEGI, la inflaci\u00f3n en M\u00e9xico lleg\u00f3 a 7.94% anual en los primeros quince d\u00edas de este a\u00f1o y el \u00cdndice Nacional de Precios al Consumidor (INPC) creci\u00f3 0.46% respecto a la quincena anterior<a title=\"\" href=\"https:\/\/outlook.live.com\/mail\/0\/inbox\/id\/AQQkADAwATYwMAItODY0MC01OTAwAC0wMAItMDAKABAAlFzzKIZkS4KKjrhKO%2FKCog%3D%3D#x__ftn1\" name=\"x__ftnref1\" data-linkindex=\"0\" target=\"_blank\" rel=\"noopener\"><sup>[1]<\/sup><\/a>. Con base en este contexto, las personas se han replanteado lo que es importante para ellas a lo largo de este a\u00f1o.<\/span><\/p>\n<p class=\"x_MsoNormal\"><span lang=\"ES\">De acuerdo con el reporte Consumer Outlook 2023 de NielsenIQ (NIQ),<b>\u00a0<\/b>el 38% de los mexicanos tiene como prioridad planear para el futuro y 36% busca tener seguridad financiera y laboral. Por otro lado, 36% de la poblaci\u00f3n considera que lo m\u00e1s importante es su bienestar f\u00edsico y 29% su bienestar mental.<\/span><\/p>\n<p class=\"x_MsoNormal\"><span lang=\"ES\">Asimismo, NIQ identific\u00f3 en su estudio que los consumidores mexicanos se encuentran en una situaci\u00f3n financiera complicada este a\u00f1o debido a tres factores principales: la desaceleraci\u00f3n econ\u00f3mica que ha desmejorado la situaci\u00f3n del 57% de las personas en el pa\u00eds; los costos elevados que han impactado a un 65% de la poblaci\u00f3n; y las afectaciones por la pandemia del COVID, que a\u00fan impacta a un 29% de los mexicanos. La cifra referente a la pandemia es la \u00fanica que ha mejorado en contraste con los n\u00fameros de mediados del 2022, siendo un 18% de menos personas afectadas.<\/span><\/p>\n<p class=\"x_MsoNormal\"><span lang=\"ES\">Por otro lado, entre las mayores preocupaciones de los mexicanos est\u00e1 el aumento de precios en alimentos (28%); el aumento en los costos de servicios (25%) y la recesi\u00f3n econ\u00f3mica (23%). De hecho, el 89% piensa que est\u00e1 viviendo una recesi\u00f3n econ\u00f3mica y un 58% tiene la expectativa de enfrentar una recesi\u00f3n econ\u00f3mica por m\u00e1s de 12 meses, un aumento del 10% comparado con los datos de mediados del 2022.<\/span><\/p>\n<p class=\"x_MsoNormal\"><span lang=\"ES\">\u201cLos consumidores se sienten presionados econ\u00f3micamente en comparaci\u00f3n con hace un a\u00f1o, pero la resiliencia es evidente. A pesar de la recesi\u00f3n econ\u00f3mica, muchas personas est\u00e1n priorizando y gastando en categor\u00edas que consideran, les impulsar\u00e1n a largo plazo\u201d, coment\u00f3 Lauren Fernandes, directora global de NIQ Thought Leadership<\/span><\/p>\n<p class=\"x_MsoNormal\"><span lang=\"ES\">Se espera que la inflaci\u00f3n generalizada pero persistente y la ralentizaci\u00f3n del crecimiento de la econom\u00eda mundial contin\u00faen hasta 2023. La base de datos de Perspectivas Econ\u00f3micas de la OCDE, proyecta que M\u00e9xico cerrar\u00e1 el a\u00f1o con una inflaci\u00f3n de 5.7% y espera que la cifra baje a 3.3% en 2024\u00a0<a title=\"\" href=\"https:\/\/outlook.live.com\/mail\/0\/inbox\/id\/AQQkADAwATYwMAItODY0MC01OTAwAC0wMAItMDAKABAAlFzzKIZkS4KKjrhKO%2FKCog%3D%3D#x__ftn2\" name=\"x__ftnref2\" data-linkindex=\"1\" target=\"_blank\" rel=\"noopener\"><sup>[2]<\/sup><\/a>.<\/span><\/p>\n<p class=\"x_MsoNormal\"><span lang=\"ES\">Ante esto, escuchar las preocupaciones y prioridades de los consumidores mexicanos, es a\u00fan m\u00e1s esencial para un menor impacto de la crisis econ\u00f3mica en la vida de las personas.<\/span><\/p>\n","protected":false},"excerpt":{"rendered":"<p>*58% de la poblaci\u00f3n mexicana prev\u00e9 una recesi\u00f3n de m\u00e1s de 12 meses *61% de los mexicanos s\u00f3lo tienen suficiente para comida, vivienda y productos b\u00e1sicos Ciudad de M\u00e9xico, 8 de febrero de 2023- Es un hecho que el panorama econ\u00f3mico en M\u00e9xico sigue siendo incierto. De acuerdo con cifras del INEGI, la inflaci\u00f3n en&#8230;<\/p>\n","protected":false},"author":2,"featured_media":25807,"comment_status":"open","ping_status":"open","sticky":false,"template":"","format":"standard","meta":{"footnotes":""},"categories":[17],"tags":[29,30,28],"class_list":["post-25806","post","type-post","status-publish","format-standard","has-post-thumbnail","hentry","category-economia-y-negocios","tag-grid","tag-news","tag-slider"],"_links":{"self":[{"href":"http:\/\/elobservatorio.com.mx\/index.php?rest_route=\/wp\/v2\/posts\/25806"}],"collection":[{"href":"http:\/\/elobservatorio.com.mx\/index.php?rest_route=\/wp\/v2\/posts"}],"about":[{"href":"http:\/\/elobservatorio.com.mx\/index.php?rest_route=\/wp\/v2\/types\/post"}],"author":[{"embeddable":true,"href":"http:\/\/elobservatorio.com.mx\/index.php?rest_route=\/wp\/v2\/users\/2"}],"replies":[{"embeddable":true,"href":"http:\/\/elobservatorio.com.mx\/index.php?rest_route=%2Fwp%2Fv2%2Fcomments&post=25806"}],"version-history":[{"count":0,"href":"http:\/\/elobservatorio.com.mx\/index.php?rest_route=\/wp\/v2\/posts\/25806\/revisions"}],"wp:featuredmedia":[{"embeddable":true,"href":"http:\/\/elobservatorio.com.mx\/index.php?rest_route=\/wp\/v2\/media\/25807"}],"wp:attachment":[{"href":"http:\/\/elobservatorio.com.mx\/index.php?rest_route=%2Fwp%2Fv2%2Fmedia&parent=25806"}],"wp:term":[{"taxonomy":"category","embeddable":true,"href":"http:\/\/elobservatorio.com.mx\/index.php?rest_route=%2Fwp%2Fv2%2Fcategories&post=25806"},{"taxonomy":"post_tag","embeddable":true,"href":"http:\/\/elobservatorio.com.mx\/index.php?rest_route=%2Fwp%2Fv2%2Ftags&post=25806"}],"curies":[{"name":"wp","href":"https:\/\/api.w.org\/{rel}","templated":true}]}}