{"id":25888,"date":"2023-02-15T13:49:32","date_gmt":"2023-02-15T19:49:32","guid":{"rendered":"http:\/\/elobservatorio.com.mx\/?p=25888"},"modified":"2023-02-15T13:49:32","modified_gmt":"2023-02-15T19:49:32","slug":"gobierno-de-indira-no-quiere-trabajar-en-equipo-con-personal-de-salud-dolores-gonzalez","status":"publish","type":"post","link":"http:\/\/elobservatorio.com.mx\/?p=25888","title":{"rendered":"Gobierno de Indira no quiere trabajar en equipo con personal de salud: Dolores G\u00f3nzalez"},"content":{"rendered":"<p>Entrevista con <strong>Mar\u00eda Dolores Gonz\u00e1lez<\/strong>, secretaria general de la secci\u00f3n 30, del Sindicato Nacional de Trabajadores de la Secretar\u00eda de Salud.<\/p>\n<p>Carlos Ramiro Vargas<\/p>\n<p><em>1: -Con tantos a\u00f1os de experiencia al frente de la secci\u00f3n 30, del SNTSA, y habiendo sido en cuatro ocasiones su secretaria general, \u00bfqu\u00e9 balance hace usted, Lola, del desempe\u00f1o del sindicato en el despegue del gobierno de Indira Vizca\u00edno, Morena, aqu\u00ed en Colima?<\/em><\/p>\n<p>\u201cNosotros hemos visto en esta mi gesti\u00f3n que empez\u00f3 en el 2019 y que est\u00e1 por terminar, una situaci\u00f3n sui generis con el advenimiento de la pandemia, del sars-cov2, mejor conocida como Covid 19.<\/p>\n<p>Puesto que para el personal de salud, m\u00e9dicos, enfermeras, de intendencia o administrativos, esta pandemia nos someti\u00f3 a una situaci\u00f3n muy estresante, muy agobiante, por decir lo menos; todos temerosos de perder la vida o de infectarse tanto ellos \u00a0a sus familias, lo cual exigi\u00f3 de nosotros, del sindicato, una actitud de alerta constante para\u00a0 que las autoridades de la secretar\u00eda estuviesen pendientes de la problem\u00e1tica, y muy atentos al establecimiento y control de los protocolos exigidos por esta problem\u00e1tica, sorpresiva e in\u00e9dita en los anales hist\u00f3ricos de nuestra instituci\u00f3n.<\/p>\n<p>Protocolos que deb\u00edan ser acordes a las medidas que en ese momento estaba promoviendo la Organizaci\u00f3n Mundial de la Salud.<\/p>\n<p>Afortunadamente, en esos momentos, la secretaria de Salud estatal, Leticia Delgado Carrillo, estuvo tambi\u00e9n en esa misma sinton\u00eda de apoyarnos, al sindicato y a los trabajadores de los que dependemos, para que pudieran estar resguardados y protegidos hasta lo posible de situaciones extremas de riesgo.<\/p>\n<p>Fue as\u00ed que trabajando de la mano, autoridades y sindicato, logramos que Colima fuera uno de los estados con menos muertes de trabajadores de la Salud,<\/p>\n<p>Todo ello nos someti\u00f3 a una realidad en la que dejamos de hacer muchas cosas, nuestra vida cotidiana qued\u00f3 totalmente alterada, siendo as\u00ed que nos lleg\u00f3 el 2020 y el 2021, a\u00f1o en el que se fueron normalizando las condiciones normales de trabajo, con la vacunaci\u00f3n al cien por ciento de nuestros trabajadores y de parte importante de la poblaci\u00f3n, por los cual, las comisiones sindicales de escalaf\u00f3n, de seguridad e higiene, la de vestuario y equipos, de capacitaci\u00f3n, pudieron ir retomando sus funciones as\u00ed como tambi\u00e9n las condiciones normales de trabajo.<\/p>\n<p>El retorno a este proceso de normalizaci\u00f3n fue facilitado por las acciones del gobierno federal, con la compra directa de equipos de respiraci\u00f3n e insumos m\u00e9dicos, sin las cuales hubi\u00e9ramos tardado m\u00e1s y con muchas m\u00e1s bajas mortales de parte de nuestros trabajadores\u201d.<\/p>\n<p><em>2\u00bfC\u00f3mo es la situaci\u00f3n, actualmente entre el sindicato que t\u00fa diriges y el gobierno morenista de Indira Vizca\u00edno?<\/em><\/p>\n<p>\u201cF\u00edjate Carlos, que al respecto, habiendo comentado que con la anterior secretaria de Salud, Leticia Delgado, hubo, a pesar de sus limitaciones, muy buena comunicaci\u00f3n entre ella y el sindicato; lo que estamos viviendo desde fines del 2021, con el gobierno de Indira Vizca\u00edno es una situaci\u00f3n de contraste, principalmente porque no quieren trabajar en equipo, porque no le prestan la atenci\u00f3n adecuada ni al sindicato ni a los trabajadores, porque desde el gobierno del estado est\u00e1n generando acciones que en vez de unir, de armonizar, est\u00e1n provocando innecesariamente rispideces y conflictos.<\/p>\n<p>Es por ello, que desde el sindicato que yo dirijo hemos estado se\u00f1alando con ah\u00ednco, la existencia de estos problemas buscando las soluciones adecuadas, procurando la armon\u00eda con las autoridades, pero sin permitir que se nos obligue a aceptar como verdades cosas que no son ciertas, como la afirmaci\u00f3n hecha por la misma gobernadora acerca de que no hay desabasto m\u00e9dico, de insumos o de tecnolog\u00eda m\u00e9dica, o de que hay un abasto m\u00e9dico del 95 por ciento en esta secretaria de Salud, cuando es todo lo contrario; incluso con existencia cada vez mayor de denuncias p\u00fablicas de la gente, algunas recogidas por los medios de difusi\u00f3n, quej\u00e1ndose de la grave falta de insumos y equipos m\u00e9dicos, hasta para la realizaci\u00f3n de operaciones b\u00e1sicas como las aplicadas a las cataratas visuales, y otras de mayor complejidad, en las que se tiene cinco a\u00f1os sin poder realizarse en el Hospital Regional Universitario.<\/p>\n<p>Y que bueno que haya denuncias de la ciudadan\u00eda sobre la enorme carencia de insumos e instrumental m\u00e9dico en la secretar\u00eda\u201d.<\/p>\n<p><em>-2b: No deja de ser contradictoria esta situaci\u00f3n, Lola, porque el sindicato que tu diriges siempre ha actuado bajo tu liderazgo con principios pol\u00edticos que coinciden con los estipulados por la 4\u00aa Transformaci\u00f3n.<\/em><\/p>\n<p>\u201cEl asunto, Carlos, es que ellos no los ven as\u00ed, pues ellos, -en el gabinete de Indira Vizca\u00edno-, quieren tener puros sindicatos de a modo, que no les incomoden en sus pretensiones de poder absoluto, y nosotros nunca vamos a ser as\u00ed, no obstante nuestra disposici\u00f3n para lograr un trato arm\u00f3nico con el gobierno del estado pero al mismo tiempo, manteni\u00e9ndonos en la defensa irrestricta de los derechos laborales y la independencia sindical de nuestros agremiados.<\/p>\n<p>En es ese tenor que nos mantenemos en la lucha por que se respeten constitucionalmente las condiciones laborales de los trabajadores del sindicato, as\u00ed como del beneficio de la gente que tiene derecho a los servicios m\u00e9dicos proporcionados por la secretar\u00eda.<\/p>\n<p>Es por ello que no permitiremos que se nos trate de manera peyorativa, discriminatoria y excluyente, y por lo mismo seguiremos denunciando a todos aquellos funcionarios que no cumplan a cabalidad sus tareas en la secretar\u00eda; por eso pedimos que se priorice la conciliaci\u00f3n y el di\u00e1logo con los trabajadores.<\/p>\n<p>Lo que queremos pues, es que en las posiciones de direcci\u00f3n de la secretar\u00eda no se nombren personas incompetentes que nom\u00e1s sirven para cobrar sus muy altos sueldos, pero que no aportan nada a las labores de esta instituci\u00f3n.<\/p>\n<p>Que se nos brinden los recursos que requerimos para trabajar en beneficio de la poblaci\u00f3n.<\/p>\n<p>A sabiendas de que tenemos los mejores especialistas del estado,<\/p>\n<p>En este contexto la relaci\u00f3n con la actual \u00a0secretaria de Salud, Martha Espinoza, no es la mejor del mundo, de hecho no hay comunicaci\u00f3n directa con ella, pues ella misma no ha querido armonizar una relaci\u00f3n de respeto ni oficial con el sindicato, \u00a0todo lo contrario a lo que sucedi\u00f3 con Leticia Delgado en la administraci\u00f3n anterior\u201d.<\/p>\n<p><em>3-En medio de todo ello, estimada Lola, c\u00f3mo les afecta al sindicato que tu diriges con tanta experiencia, el agudo problema de las pensiones de los trabajadores del gobierno del estado, cu\u00e1ndo se habla de un faltante de mil, 600 millones de pesos, mdp, -responsabilidad del ex pri\/gobernador, Ignacio Peralta-, m\u00e1s otros 200 mdp desviados por Indira Vizca\u00edno, gobernadora que no fueron ingresados a las arcas del IPECOL, Instituto de Pensiones del Gobierno del estado de Colima.<\/em><\/p>\n<p>\u201cMira Carlos, nosotros tenemos 266 trabajadores que dependen ya en su retiro del Ipecol, y estamos en contacto con otros l\u00edderes sindicales para cerrar filas, en torno a la defensa del Ipecol.<\/p>\n<p>En primer lugar, porque ya no es tiempo de echarle la culpa a los de atr\u00e1s, sino es tiempo de buscar soluciones a los momentos de la problem\u00e1tica actual, y aqu\u00ed los \u00faltimos que deben ser perjudicados son los trabajadores pues ellos entregan en tiempo y forma sus cotizaciones al Ipecol, considerando que estos trabajadores han dedicado los mejores a\u00f1os de su vida a sus labores en beneficio de la poblaci\u00f3n, en este caso a la salud de los colimenses; por ende, lo que tiene que hacer el gobierno del estado es buscar soluciones.<\/p>\n<p>En ese sentido considero que s\u00ed est\u00e1 fallando la gobernadora, puesto que no est\u00e1 cumpliendo con lo que ella se comprometi\u00f3, concretamente de hacer las aportaciones al Ipecol que ella misma asumi\u00f3 al iniciar a fines del 2021, su gesti\u00f3n, haciendo los pagos que otros gobernadores anteriores a Ignacio Peralta s\u00ed hicieron, y es por ello que estamos cerrando filas con todos los sindicatos afectados y sus l\u00edderes, al respecto.<\/p>\n<p>Por ese motivo, tambi\u00e9n, cerramos filas en un frente com\u00fan con el l\u00edder de la federaci\u00f3n de sindicatos, presidida por Mart\u00edn Flores, con el objetivo de que se les respeten sus derechos a los jubilados y pensionados, y que el gobierno cumpla con este compromiso\u201d.<\/p>\n<p><em>Carlos Ramiro Vargas. 10 de febrero, 2023. Colima. Colima.<\/em><\/p>\n<p>&nbsp;<\/p>\n","protected":false},"excerpt":{"rendered":"<p>Entrevista con Mar\u00eda Dolores Gonz\u00e1lez, secretaria general de la secci\u00f3n 30, del Sindicato Nacional de Trabajadores de la Secretar\u00eda de Salud. Carlos Ramiro Vargas 1: -Con tantos a\u00f1os de experiencia al frente de la secci\u00f3n 30, del SNTSA, y habiendo sido en cuatro ocasiones su secretaria general, \u00bfqu\u00e9 balance hace usted, Lola, del desempe\u00f1o del&#8230;<\/p>\n","protected":false},"author":2,"featured_media":25889,"comment_status":"open","ping_status":"open","sticky":false,"template":"","format":"standard","meta":{"footnotes":""},"categories":[9],"tags":[29,30,28],"class_list":["post-25888","post","type-post","status-publish","format-standard","has-post-thumbnail","hentry","category-agro-y-salud","tag-grid","tag-news","tag-slider"],"_links":{"self":[{"href":"http:\/\/elobservatorio.com.mx\/index.php?rest_route=\/wp\/v2\/posts\/25888"}],"collection":[{"href":"http:\/\/elobservatorio.com.mx\/index.php?rest_route=\/wp\/v2\/posts"}],"about":[{"href":"http:\/\/elobservatorio.com.mx\/index.php?rest_route=\/wp\/v2\/types\/post"}],"author":[{"embeddable":true,"href":"http:\/\/elobservatorio.com.mx\/index.php?rest_route=\/wp\/v2\/users\/2"}],"replies":[{"embeddable":true,"href":"http:\/\/elobservatorio.com.mx\/index.php?rest_route=%2Fwp%2Fv2%2Fcomments&post=25888"}],"version-history":[{"count":0,"href":"http:\/\/elobservatorio.com.mx\/index.php?rest_route=\/wp\/v2\/posts\/25888\/revisions"}],"wp:featuredmedia":[{"embeddable":true,"href":"http:\/\/elobservatorio.com.mx\/index.php?rest_route=\/wp\/v2\/media\/25889"}],"wp:attachment":[{"href":"http:\/\/elobservatorio.com.mx\/index.php?rest_route=%2Fwp%2Fv2%2Fmedia&parent=25888"}],"wp:term":[{"taxonomy":"category","embeddable":true,"href":"http:\/\/elobservatorio.com.mx\/index.php?rest_route=%2Fwp%2Fv2%2Fcategories&post=25888"},{"taxonomy":"post_tag","embeddable":true,"href":"http:\/\/elobservatorio.com.mx\/index.php?rest_route=%2Fwp%2Fv2%2Ftags&post=25888"}],"curies":[{"name":"wp","href":"https:\/\/api.w.org\/{rel}","templated":true}]}}