{"id":25891,"date":"2023-02-15T15:19:42","date_gmt":"2023-02-15T21:19:42","guid":{"rendered":"http:\/\/elobservatorio.com.mx\/?p=25891"},"modified":"2023-02-15T15:19:42","modified_gmt":"2023-02-15T21:19:42","slug":"con-bohemiamente-divertido-inicia-agenda-cultural-de-este-fin-de-semana-en-colima","status":"publish","type":"post","link":"http:\/\/elobservatorio.com.mx\/?p=25891","title":{"rendered":"Con \u2018Bohemiamente divertido\u2019 inicia agenda cultural de este fin de semana en Colima"},"content":{"rendered":"<p><em>* El Ayuntamiento de Colima ofrecer\u00e1 presentaciones art\u00edsticas para todo el p\u00fablico este jueves, viernes y domingo.<\/em><br aria-hidden=\"true\" \/><br aria-hidden=\"true\" \/>Con tres presentaciones musicales de primer nivel, el Ayuntamiento de Colima anuncia la agenda cultural para este pr\u00f3ximo fin de semana, en la que se tienen previstas actividades art\u00edsticas para los d\u00edas jueves, viernes y domingo, todas ellas gratuitas para el p\u00fablico colimense.<br aria-hidden=\"true\" \/><br aria-hidden=\"true\" \/>La direcci\u00f3n general adjunta de Educaci\u00f3n, Cultura y Recreaci\u00f3n invita al p\u00fablico colimense para que aproveche \u00a0y disfrute los diferentes escenarios de expresi\u00f3n cultural, siendo convicci\u00f3n de la presidenta municipal, Margarita Moreno impulsar la promoci\u00f3n del talento colimense.<br aria-hidden=\"true\" \/><br aria-hidden=\"true\" \/>La agenda cultural inicia con el concierto \u2018Bohemiamente divertido\u2019 con el cantautor colimense Alberto Trujillo \u201cEl Tanke\u201d quien, en el marco del Jueves Cultural, este 16 de febrero se presentar\u00e1 para el p\u00fablico colimense en el Jard\u00edn Libertad, a partir de las 07:00 de la tarde.<br aria-hidden=\"true\" \/><br aria-hidden=\"true\" \/>Alberto Trujillo es un m\u00fasico colimense que se distingue por ofrecer al p\u00fablico un recital musical rom\u00e1ntico c\u00f3mico, en el que se conversa, a trav\u00e9s de cada canci\u00f3n con las y los asistentes creando una interacci\u00f3n \u00fanica que le ha posicionado como uno de los principales solistas de Colima.<br aria-hidden=\"true\" \/><br aria-hidden=\"true\" \/>El viernes, 17 de febrero, a partir de las 06:00 de la tarde se impartir\u00e1 el recital did\u00e1ctico \u201cDescubriendo al corno franc\u00e9s\u201d, impartido por Carlos Oswaldo Mart\u00ednez y Julio Zamora en el Centro Cultural Horacio Cervantes, con una presentaci\u00f3n que permitir\u00e1 al p\u00fablico adentrarse en este instrumento musical tan representativo y caracter\u00edstico de las orquestas.<br aria-hidden=\"true\" \/><br aria-hidden=\"true\" \/>Para el domingo, 19 de febrero del 2023, a partir de las 06:00 de la tarde, en coordinaci\u00f3n con el Gobierno del Estado, se realizar\u00e1 la presentaci\u00f3n de la Banda de M\u00fasica del Gobierno del Estado, como parte de la gala musicales que se realizar\u00e1n durante una corta temporada para amenizar el centro de la ciudad.<br aria-hidden=\"true\" \/><br aria-hidden=\"true\" \/><\/p>\n<div>Toda la informaci\u00f3n relacionada con las actividades culturales se puede consultar en la p\u00e1gina de Facebook del Gobierno Municipal de Colima.<\/div>\n","protected":false},"excerpt":{"rendered":"<p>* El Ayuntamiento de Colima ofrecer\u00e1 presentaciones art\u00edsticas para todo el p\u00fablico este jueves, viernes y domingo.Con tres presentaciones musicales de primer nivel, el Ayuntamiento de Colima anuncia la agenda cultural para este pr\u00f3ximo fin de semana, en la que se tienen previstas actividades art\u00edsticas para los d\u00edas jueves, viernes y domingo, todas ellas gratuitas&#8230;<\/p>\n","protected":false},"author":2,"featured_media":25892,"comment_status":"open","ping_status":"open","sticky":false,"template":"","format":"standard","meta":{"footnotes":""},"categories":[36,8],"tags":[29,30,28],"class_list":["post-25891","post","type-post","status-publish","format-standard","has-post-thumbnail","hentry","category-colima","category-municipios","tag-grid","tag-news","tag-slider"],"_links":{"self":[{"href":"http:\/\/elobservatorio.com.mx\/index.php?rest_route=\/wp\/v2\/posts\/25891"}],"collection":[{"href":"http:\/\/elobservatorio.com.mx\/index.php?rest_route=\/wp\/v2\/posts"}],"about":[{"href":"http:\/\/elobservatorio.com.mx\/index.php?rest_route=\/wp\/v2\/types\/post"}],"author":[{"embeddable":true,"href":"http:\/\/elobservatorio.com.mx\/index.php?rest_route=\/wp\/v2\/users\/2"}],"replies":[{"embeddable":true,"href":"http:\/\/elobservatorio.com.mx\/index.php?rest_route=%2Fwp%2Fv2%2Fcomments&post=25891"}],"version-history":[{"count":0,"href":"http:\/\/elobservatorio.com.mx\/index.php?rest_route=\/wp\/v2\/posts\/25891\/revisions"}],"wp:featuredmedia":[{"embeddable":true,"href":"http:\/\/elobservatorio.com.mx\/index.php?rest_route=\/wp\/v2\/media\/25892"}],"wp:attachment":[{"href":"http:\/\/elobservatorio.com.mx\/index.php?rest_route=%2Fwp%2Fv2%2Fmedia&parent=25891"}],"wp:term":[{"taxonomy":"category","embeddable":true,"href":"http:\/\/elobservatorio.com.mx\/index.php?rest_route=%2Fwp%2Fv2%2Fcategories&post=25891"},{"taxonomy":"post_tag","embeddable":true,"href":"http:\/\/elobservatorio.com.mx\/index.php?rest_route=%2Fwp%2Fv2%2Ftags&post=25891"}],"curies":[{"name":"wp","href":"https:\/\/api.w.org\/{rel}","templated":true}]}}