{"id":25923,"date":"2023-02-16T01:56:49","date_gmt":"2023-02-16T07:56:49","guid":{"rendered":"http:\/\/elobservatorio.com.mx\/?p=25923"},"modified":"2023-02-16T01:56:49","modified_gmt":"2023-02-16T07:56:49","slug":"mejora-ayuntamiento-de-colima-senalamientos-para-reducir-accidentes","status":"publish","type":"post","link":"http:\/\/elobservatorio.com.mx\/?p=25923","title":{"rendered":"Mejora Ayuntamiento de Colima se\u00f1alamientos para reducir accidentes"},"content":{"rendered":"<p><em>*Se instalaron dispositivos de reducci\u00f3n de velocidad y se reforzaron se\u00f1alamientos de alto.<\/em><br aria-hidden=\"true\" \/><br aria-hidden=\"true\" \/>Con el objetivo de reducir los riesgos de accidentes viales y de garantizar la integridad de las y los conductores y personas que circulan por el lugar, el Ayuntamiento de Colima, encabezado por Margarita Moreno, realiz\u00f3 trabajos de colocaci\u00f3n de se\u00f1al\u00e9tica de seguridad y balizamiento en el cruce de la avenida Ignacio Sandoval y la lateral del Paseo Miguel de la Madrid.<br aria-hidden=\"true\" \/><br aria-hidden=\"true\" \/>En conjunto, personal del Departamento de Ingenier\u00eda de Tr\u00e1nsito y del \u00c1rea de Sem\u00e1foros y Se\u00f1alamientos intervinieron este punto en el sentido norte a sur.<br aria-hidden=\"true\" \/><br aria-hidden=\"true\" \/>En el lugar se colocaron dispositivos de reducci\u00f3n de velocidad (boyas), se\u00f1alamientos de alto, preventivo de tope y del l\u00edmite de velocidad.<br aria-hidden=\"true\" \/><br aria-hidden=\"true\" \/>Estos trabajos forman parte de las acciones que impulsa el Ayuntamiento de Colima, para mejorar la seguridad vial #PorTuSeguridadManosALaObra.<\/p>\n","protected":false},"excerpt":{"rendered":"<p>*Se instalaron dispositivos de reducci\u00f3n de velocidad y se reforzaron se\u00f1alamientos de alto.Con el objetivo de reducir los riesgos de accidentes viales y de garantizar la integridad de las y los conductores y personas que circulan por el lugar, el Ayuntamiento de Colima, encabezado por Margarita Moreno, realiz\u00f3 trabajos de colocaci\u00f3n de se\u00f1al\u00e9tica de seguridad&#8230;<\/p>\n","protected":false},"author":2,"featured_media":25924,"comment_status":"open","ping_status":"open","sticky":false,"template":"","format":"standard","meta":{"footnotes":""},"categories":[36,8],"tags":[29,30,28],"class_list":["post-25923","post","type-post","status-publish","format-standard","has-post-thumbnail","hentry","category-colima","category-municipios","tag-grid","tag-news","tag-slider"],"_links":{"self":[{"href":"http:\/\/elobservatorio.com.mx\/index.php?rest_route=\/wp\/v2\/posts\/25923"}],"collection":[{"href":"http:\/\/elobservatorio.com.mx\/index.php?rest_route=\/wp\/v2\/posts"}],"about":[{"href":"http:\/\/elobservatorio.com.mx\/index.php?rest_route=\/wp\/v2\/types\/post"}],"author":[{"embeddable":true,"href":"http:\/\/elobservatorio.com.mx\/index.php?rest_route=\/wp\/v2\/users\/2"}],"replies":[{"embeddable":true,"href":"http:\/\/elobservatorio.com.mx\/index.php?rest_route=%2Fwp%2Fv2%2Fcomments&post=25923"}],"version-history":[{"count":0,"href":"http:\/\/elobservatorio.com.mx\/index.php?rest_route=\/wp\/v2\/posts\/25923\/revisions"}],"wp:featuredmedia":[{"embeddable":true,"href":"http:\/\/elobservatorio.com.mx\/index.php?rest_route=\/wp\/v2\/media\/25924"}],"wp:attachment":[{"href":"http:\/\/elobservatorio.com.mx\/index.php?rest_route=%2Fwp%2Fv2%2Fmedia&parent=25923"}],"wp:term":[{"taxonomy":"category","embeddable":true,"href":"http:\/\/elobservatorio.com.mx\/index.php?rest_route=%2Fwp%2Fv2%2Fcategories&post=25923"},{"taxonomy":"post_tag","embeddable":true,"href":"http:\/\/elobservatorio.com.mx\/index.php?rest_route=%2Fwp%2Fv2%2Ftags&post=25923"}],"curies":[{"name":"wp","href":"https:\/\/api.w.org\/{rel}","templated":true}]}}