{"id":25944,"date":"2023-02-20T12:13:34","date_gmt":"2023-02-20T18:13:34","guid":{"rendered":"http:\/\/elobservatorio.com.mx\/?p=25944"},"modified":"2023-02-20T12:13:34","modified_gmt":"2023-02-20T18:13:34","slug":"cancer-de-pulmon-el-carcinoma-con-mayor-incidencia-a-nivel-mundial-experta","status":"publish","type":"post","link":"http:\/\/elobservatorio.com.mx\/?p=25944","title":{"rendered":"C\u00e1ncer de pulm\u00f3n, el carcinoma con mayor incidencia a nivel mundial: Experta"},"content":{"rendered":"<p><em>*Lissete S\u00e1nchez imparti\u00f3 la conferencia <\/em><em>\u201cNuevo biomarcador predictivo para inmunoterapia en pacientes con NSCLC\u201d, como parte de la colaboraci\u00f3n entre la UdeC y la Red Global MX.<\/em><\/p>\n<p>Como parte de las actividades del programa de transferencia de conocimientos de la Red Global MX cap\u00edtulo Espa\u00f1a y la Universidad de Colima, se present\u00f3 hace unos d\u00edas la conferencia virtual \u201cNuevo biomarcador predictivo para inmunoterapia en pacientes con NSCLC\u201d, a cargo de la doctora Lissete S\u00e1nchez Magraner, quien se centr\u00f3 en la investigaci\u00f3n, diagn\u00f3stico y pronostico del c\u00e1ncer utilizando la t\u00e9cnica de la microscop\u00eda de fluorescencia.<\/p>\n<p>En su ponencia habl\u00f3 sobre la interacci\u00f3n entre PD-1 y PD-L1, \u201cprote\u00ednas que se encuentran en las c\u00e9lulas y que ayudan al cuerpo a mantener bajo control las respuestas inmunitarias, esto como un nuevo biomarcador predictivo para la inmunoterapia en pacientes con c\u00e1ncer de c\u00e9lulas no peque\u00f1as\u201d.<\/p>\n<p>Lissete S\u00e1nchez resalt\u00f3 que el c\u00e1ncer de pulm\u00f3n es el carcinoma con mayor incidencia a nivel mundial, con un 17 por ciento del total, y que constituye la primera causa de muerte por c\u00e1ncer en el mundo, con un 25 por ciento, siendo el Non-Small-Cell-Lung-Cancer (c\u00e1ncer de pulm\u00f3n de c\u00e9lulas no peque\u00f1as, NSCLC por sus siglas en ingl\u00e9s) el tumor m\u00e1s com\u00fan, con el 85 por ciento: \u201cEs una neoplasia [cualquier crecimiento descontrolado de c\u00e9lulas o tejidos anormales en el organismo] muy agresiva, con una tasa de supervivencia a cinco a\u00f1os del 18 por ciento; s\u00f3lo en los Estados Unidos est\u00e1n previstas m\u00e1s de 127 mil muertes en 2023\u201d, mencion\u00f3.<\/p>\n<p>Sobre la inmunoterapia, expuso que \u00e9sta aumenta la supervivencia de los pacientes, \u201cpero la tasa de respuesta es muy baja, pues aproximadamente el 60 por ciento de los pacientes, o m\u00e1s, no responde a estos tratamientos\u201d.<\/p>\n<p>Para concluir, dijo que el nivel de interacci\u00f3n PD-1\/PD-L1 \u201cpodr\u00eda ser un buen biomarcador para ayudar en la prescripci\u00f3n de los tratamientos con anticuerpos bloqueadores anti-PD1\/PD-L1 en pacientes con NSCLC, adem\u00e1s de que ser\u00eda un biomarcador m\u00e1s informativo sobre el estatus inmunitario en el microentorno tumoral respecto del nivel de expresi\u00f3n utilizado actualmente para la prescripci\u00f3n de los tratamientos con anticuerpos bloqueadores\u201d.<\/p>\n<p>&nbsp;<\/p>\n","protected":false},"excerpt":{"rendered":"<p>*Lissete S\u00e1nchez imparti\u00f3 la conferencia \u201cNuevo biomarcador predictivo para inmunoterapia en pacientes con NSCLC\u201d, como parte de la colaboraci\u00f3n entre la UdeC y la Red Global MX. Como parte de las actividades del programa de transferencia de conocimientos de la Red Global MX cap\u00edtulo Espa\u00f1a y la Universidad de Colima, se present\u00f3 hace unos d\u00edas&#8230;<\/p>\n","protected":false},"author":2,"featured_media":25945,"comment_status":"open","ping_status":"open","sticky":false,"template":"","format":"standard","meta":{"footnotes":""},"categories":[14],"tags":[29,30,28],"class_list":["post-25944","post","type-post","status-publish","format-standard","has-post-thumbnail","hentry","category-educacion-y-cultura","tag-grid","tag-news","tag-slider"],"_links":{"self":[{"href":"http:\/\/elobservatorio.com.mx\/index.php?rest_route=\/wp\/v2\/posts\/25944"}],"collection":[{"href":"http:\/\/elobservatorio.com.mx\/index.php?rest_route=\/wp\/v2\/posts"}],"about":[{"href":"http:\/\/elobservatorio.com.mx\/index.php?rest_route=\/wp\/v2\/types\/post"}],"author":[{"embeddable":true,"href":"http:\/\/elobservatorio.com.mx\/index.php?rest_route=\/wp\/v2\/users\/2"}],"replies":[{"embeddable":true,"href":"http:\/\/elobservatorio.com.mx\/index.php?rest_route=%2Fwp%2Fv2%2Fcomments&post=25944"}],"version-history":[{"count":0,"href":"http:\/\/elobservatorio.com.mx\/index.php?rest_route=\/wp\/v2\/posts\/25944\/revisions"}],"wp:featuredmedia":[{"embeddable":true,"href":"http:\/\/elobservatorio.com.mx\/index.php?rest_route=\/wp\/v2\/media\/25945"}],"wp:attachment":[{"href":"http:\/\/elobservatorio.com.mx\/index.php?rest_route=%2Fwp%2Fv2%2Fmedia&parent=25944"}],"wp:term":[{"taxonomy":"category","embeddable":true,"href":"http:\/\/elobservatorio.com.mx\/index.php?rest_route=%2Fwp%2Fv2%2Fcategories&post=25944"},{"taxonomy":"post_tag","embeddable":true,"href":"http:\/\/elobservatorio.com.mx\/index.php?rest_route=%2Fwp%2Fv2%2Ftags&post=25944"}],"curies":[{"name":"wp","href":"https:\/\/api.w.org\/{rel}","templated":true}]}}