{"id":25947,"date":"2023-02-20T12:24:23","date_gmt":"2023-02-20T18:24:23","guid":{"rendered":"http:\/\/elobservatorio.com.mx\/?p=25947"},"modified":"2023-02-20T12:24:23","modified_gmt":"2023-02-20T18:24:23","slug":"feria-de-la-villa-reactiva-economicamente-a-mas-de-150-emprendedores-tey-gutierrez","status":"publish","type":"post","link":"http:\/\/elobservatorio.com.mx\/?p=25947","title":{"rendered":"Feria de la Villa reactiva econ\u00f3micamente a m\u00e1s de 150 emprendedores: Tey Guti\u00e9rrez"},"content":{"rendered":"<p class=\"x_gmail-MsoNoSpacing\"><em>*Adem\u00e1s traer\u00e1 muchos beneficios para el sector comercial, restaurantero, hotelero, entre otros<\/em><\/p>\n<p class=\"x_gmail-MsoNoSpacing\"><b>\u00a0<\/b><b>Villa de \u00c1lvarez, Colima. A 18 de febrero de 2023.-\u00a0<\/b>La Presidenta Municipal de Villa de \u00c1lvarez, Tey Guti\u00e9rrez Andrade, realiza constantes acercamientos en la zona comercial\u00a0 de la Feria, que despu\u00e9s de suspenderse dos a\u00f1os por motivo de la pandemia de Covid-19, las y los villalvarenses y la gente que visita el municipio vuelve a celebrar los Festejos Charrotaurinos con una diversidad de actividades.<b><\/b><\/p>\n<p class=\"x_gmail-MsoNoSpacing\">\u201cLa Feria para nosotros es poner en el mapa nuevamente a nuestro municipio como organizador de un evento que traer\u00e1 muchos beneficios econ\u00f3micos a las y los villalvarenses\u201d, manifest\u00f3 la Alcaldesa, tras invitar al p\u00fablico en general a participar en las actividades que est\u00e1n programadas diariamente en la edici\u00f3n 166 de los Festejos Charrotaurinos.<\/p>\n<p class=\"x_gmail-MsoNoSpacing\">Tey Guti\u00e9rrez manifest\u00f3 que la Feria de Villa de \u00c1lvarez significa la reactivaci\u00f3n econ\u00f3mica de aproximadamente 150 emprendedores afectados\u00a0 durante la pandemia, luego de asegurar que con el evento ferial, restaurantes,\u00a0 taxistas, bares, hoteles, entre otros sectores productivos recibir\u00e1n un importante impacto econ\u00f3mico, porque todo Colima tiene en estos momentos\u00a0 puestos sus ojos en Villa de \u00c1lvarez, debido a la gran cantidad de visitantes.<\/p>\n<p class=\"x_gmail-MsoNoSpacing\">A\u00f1adi\u00f3 que Villa de \u00c1lvarez abre las oportunidades a los emprendedores en una Feria que est\u00e1 teniendo muchos beneficios para el sector comercial, restaurantero y hotelero, entre otros.<\/p>\n<p class=\"x_gmail-MsoNoSpacing\">Finalmente, la Alcaldesa hizo una invitaci\u00f3n al p\u00fablico en general a que visiten y disfruten de las diferentes actividades que se tienen programadas todos los d\u00edas hasta el 27 de febrero en la Plaza de Toros La Petatera, en la Carpa Casino, en la Zona del Caballo, as\u00ed como en el Teatro del Pueblo, tras agregar que, \u201cesta es un Feria para todas las personas, con diversi\u00f3n totalmente sana y familiar\u201d.<\/p>\n","protected":false},"excerpt":{"rendered":"<p>*Adem\u00e1s traer\u00e1 muchos beneficios para el sector comercial, restaurantero, hotelero, entre otros \u00a0Villa de \u00c1lvarez, Colima. A 18 de febrero de 2023.-\u00a0La Presidenta Municipal de Villa de \u00c1lvarez, Tey Guti\u00e9rrez Andrade, realiza constantes acercamientos en la zona comercial\u00a0 de la Feria, que despu\u00e9s de suspenderse dos a\u00f1os por motivo de la pandemia de Covid-19, las&#8230;<\/p>\n","protected":false},"author":2,"featured_media":25948,"comment_status":"open","ping_status":"open","sticky":false,"template":"","format":"standard","meta":{"footnotes":""},"categories":[8,42],"tags":[29,30,28],"class_list":["post-25947","post","type-post","status-publish","format-standard","has-post-thumbnail","hentry","category-municipios","category-villa-de-alvarez","tag-grid","tag-news","tag-slider"],"_links":{"self":[{"href":"http:\/\/elobservatorio.com.mx\/index.php?rest_route=\/wp\/v2\/posts\/25947"}],"collection":[{"href":"http:\/\/elobservatorio.com.mx\/index.php?rest_route=\/wp\/v2\/posts"}],"about":[{"href":"http:\/\/elobservatorio.com.mx\/index.php?rest_route=\/wp\/v2\/types\/post"}],"author":[{"embeddable":true,"href":"http:\/\/elobservatorio.com.mx\/index.php?rest_route=\/wp\/v2\/users\/2"}],"replies":[{"embeddable":true,"href":"http:\/\/elobservatorio.com.mx\/index.php?rest_route=%2Fwp%2Fv2%2Fcomments&post=25947"}],"version-history":[{"count":0,"href":"http:\/\/elobservatorio.com.mx\/index.php?rest_route=\/wp\/v2\/posts\/25947\/revisions"}],"wp:featuredmedia":[{"embeddable":true,"href":"http:\/\/elobservatorio.com.mx\/index.php?rest_route=\/wp\/v2\/media\/25948"}],"wp:attachment":[{"href":"http:\/\/elobservatorio.com.mx\/index.php?rest_route=%2Fwp%2Fv2%2Fmedia&parent=25947"}],"wp:term":[{"taxonomy":"category","embeddable":true,"href":"http:\/\/elobservatorio.com.mx\/index.php?rest_route=%2Fwp%2Fv2%2Fcategories&post=25947"},{"taxonomy":"post_tag","embeddable":true,"href":"http:\/\/elobservatorio.com.mx\/index.php?rest_route=%2Fwp%2Fv2%2Ftags&post=25947"}],"curies":[{"name":"wp","href":"https:\/\/api.w.org\/{rel}","templated":true}]}}