{"id":25953,"date":"2023-02-20T18:11:12","date_gmt":"2023-02-21T00:11:12","guid":{"rendered":"http:\/\/elobservatorio.com.mx\/?p=25953"},"modified":"2023-02-20T18:11:12","modified_gmt":"2023-02-21T00:11:12","slug":"somos-un-gobierno-humanista-no-de-poses-resarcimos-el-tejido-social-griselda-martinez","status":"publish","type":"post","link":"http:\/\/elobservatorio.com.mx\/?p=25953","title":{"rendered":"Somos un gobierno humanista, no de poses; resarcimos el tejido social: Griselda Mart\u00ednez"},"content":{"rendered":"<p><em>*Las 5 obras que desarrollar\u00e1 la SEDATU superan los 170 millones de pesos, asegur\u00f3 la alcaldesa.<\/em><\/p>\n<p>Desde hace cuatro a\u00f1os, la administraci\u00f3n que encabeza Griselda Mart\u00ednez se ha enfocado en transformar Manzanillo, desde entonces, el objetivo se centr\u00f3 en trabajar con honestidad y calidad, esas caracter\u00edsticas lograron que el presidente de M\u00e9xico, Andr\u00e9s Manuel L\u00f3pez Obrador, desde el 2020, autorizara obras gestionadas ante la Secretar\u00eda de Desarrollo Agrario, Territorial y Urbano (SEDATU) en 2019, las cuales, son cinco, y ya, una realidad.<\/p>\n<p>De acuerdo con el Programa de Mejoramiento Urbano (PMU) de la SEDATU, para todo el estado de Colima, en este 2023, s\u00f3lo ejecutar\u00e1 esas cinco obras en el municipio de Manzanillo, pues fue la entidad p\u00fablica que logr\u00f3 integrar los proyectos de las mismas, las cuales son; la construcci\u00f3n de la plaza El Tajo; la renovaci\u00f3n del Complejo Cultural Padre Hidalgo, que contempla la recuperaci\u00f3n de la concha ac\u00fastica, el \u00e1rea de talleres para capacitaci\u00f3n, la cancha deportiva y la plaza de la igualdad), la construcci\u00f3n del Espacio Cultural Deportivo, Santiago, en la colonia Barrio Nuevo, la rehabilitaci\u00f3n de la Plaza Central El Colomo y la construcci\u00f3n del Espacio P\u00fablico Ventanas, donde se desarrollar\u00e1 una alberca marina.<\/p>\n<p>La presidenta Griselda Mart\u00ednez, asegur\u00f3 que, por su gesti\u00f3n, junto con el secretario t\u00e9cnico de Infraestructura y Planeaci\u00f3n, Juan Manuel Torres y con el director de Participaci\u00f3n y Desarrollo Comunitario, Luis Valdivia, el mandatario federal, Andr\u00e9s Manuel L\u00f3pez Obrador autoriz\u00f3 tales obras que vendr\u00e1n a seguir transformando Manzanillo, y en las que se invertir\u00e1n m\u00e1s de 170 millones de pesos.<\/p>\n<p>Indic\u00f3 que el enfoque desde el inicio de su primera administraci\u00f3n ha sido trabajar por espacios dignos para generar cultura, deporte, educaci\u00f3n, salud, convivencia y sano esparcimiento, \u201cestamos resarciendo el tejido social\u201d, sostuvo. Agradeci\u00f3 al personal de las \u00e1reas del ayuntamiento, a los representantes de la SEDATU y a las y los regidores que en su momento aprobaron a favor de estos proyectos, pues entre todos se logr\u00f3 algo muy positivo para Manzanillo.<\/p>\n<p>Al hacer un poco de historia, la alcaldesa junto con el secretario t\u00e9cnico de Infraestructura y Planeaci\u00f3n, Juan Manuel Torres, record\u00f3 que desde el 2018 estos proyectos comenzaron a imaginarse, y aunque reconoci\u00f3 que fue un proceso largo, finalmente ya ser\u00e1n realidad para el beneficio de miles de personas, \u201cdesde antes de llegar la administraci\u00f3n tuvimos ideas en un viaje que hicimos a Medell\u00edn, Colombia para la recuperaci\u00f3n de espacios p\u00fablicos\u201d.<\/p>\n<p>Para la explicaci\u00f3n de los proyectos, que este lunes 20 de febrero comienzan, el secretario t\u00e9cnico de Infraestructura y Planeaci\u00f3n, Juan Manuel Torres hizo un recuento de cada uno de los 5 que SEDATU comenzar\u00e1 con su desarrollo.<\/p>\n<p>PLAZA EL TAJO<\/p>\n<p>Sobre \u00e9ste en particular, dijo que se resolver\u00e1 el desorden que existe, por el ambulantaje, la cuesti\u00f3n vial y la problem\u00e1tica que padecen quienes utilizan el transporte urbano; dijo que ah\u00ed se construir\u00e1 una plaza gastron\u00f3mica donde se establecer\u00e1 todos los vendedores de comida; se adecuar\u00e1 un nuevo paradero urbano y se mejorar\u00e1 el tr\u00e1nsito vial por el nuevo ordenamiento de carriles.<\/p>\n<p>ESPACIO CULTURAL DEPORTIVO, SANTIAGO<\/p>\n<p>En la calle Gonz\u00e1lez Lugo, de la colonia Barrio Nuevo se desarrollar\u00e1 este nuevo espacio sobre un \u00e1rea donde ya existe una infraestructura deportiva; ah\u00ed se har\u00e1 una cancha de usos m\u00faltiples semitechada; se construir\u00e1 un sal\u00f3n de usos m\u00faltiples para que se impartan diversas clases, que tengan que ver con el acondicionamiento f\u00edsico y adem\u00e1s se desarrollar\u00e1 otro sal\u00f3n para art\u00edsticas o culturales para manualidades, m\u00fasica, lectura, entre otros; \u201cadem\u00e1s se har\u00e1n ba\u00f1os, juegos infantiles y un gimnasio al aire libre\u201d.<\/p>\n<p>PLAZA CENTRAL EL COLOMO<\/p>\n<p>Sobre este proyecto, dijo que, despu\u00e9s de alrededor de 50 a\u00f1os de su edificaci\u00f3n, se rehabilitar\u00e1 este espacio lo cual consistir\u00e1 en construir un m\u00f3dulo gastron\u00f3mico donde ah\u00ed, todos los comerciantes de comida se reubicar\u00e1n, con lo cual permitir\u00e1 que las vialidades que circundan a esta plaza se aprovechen de mejor forma, adem\u00e1s se rehabilitar\u00e1n las canchas deportivas, el escenario y se crear\u00e1 un nuevo mercado de frutas y verduras, \u201cse arreglar\u00e1n la calles perimetrales con pavimento de concreto, el \u00e1rea de juegos infantiles, un gimnasio al aire libre y van adem\u00e1s 2 salones para clases de m\u00fasica, danza, entre otros\u201d.<\/p>\n<p>COMPLEJO CULTURAL PADRE HIDALGO<\/p>\n<p>Juan Manuel Torres, dijo que, en este espacio, se har\u00e1n cuatro intervenciones; una es la rehabilitaci\u00f3n de la concha ac\u00fastica, que contempla su techado y \u00e1rea de camerinos; el \u00e1rea de talleres que se reacondicionar\u00e1n para dar clases de distintas disciplinas; tambi\u00e9n se remodelar\u00e1 la plaza central donde est\u00e1, por un lado, la escultura de Miguel Hidalgo y por el otro la de La Madre del Seguro Social, ah\u00ed se har\u00e1 la Plaza de la Igualdad y se rehabilitar\u00e1 la cancha deportiva.<\/p>\n<p>ESPACIO P\u00daBLICO VENTANAS<\/p>\n<p>Sobre el proyecto que ah\u00ed se desarrollar\u00e1, tiene que ver con el \u00e1mbito tur\u00edstico y recreativo, donde se pretende reactivar su vocaci\u00f3n, pues en a\u00f1os anteriores era un lugar muy visitado por la gente, es por ello que ah\u00ed se construir\u00e1 una alberca marina que podr\u00e1n utilizar con seguridad, personas de todas las edades, y a un costado habr\u00e1 un m\u00f3dulo de sombra. Adem\u00e1s, para reactivar el \u00e1rea de comida y diversos servicios, se mejorar\u00e1n los espacios de las ramadas, donde se colocar\u00e1 arena y se acondicionar\u00e1 la calle que llega a ellas; \u201cse rehabilitar\u00e1 el rompeolas y el camino para llegar a \u00e9l, donde se colocar\u00e1n bancas para que la gente pueda disfrutarlo\u201d.<\/p>\n<p>Agreg\u00f3 que como parte de las obras complementarias el Ayuntamiento de Manzanillo rehabilitar\u00e1 el tramo de banqueta que hay desde la unidad Padre Hidalgo a Ventanas para que se pueda hacer deporte de manera segura.<\/p>\n<p>La alcaldesa de Manzanillo, Griselda Mart\u00ednez, reiter\u00f3 su agradecimiento al presidente Andr\u00e9s Manuel L\u00f3pez Obrador por su empat\u00eda, al autorizar los proyectos, los cuales se gestionaron desde el 2019 para que hoy puedan ser una realidad, \u201cestos proyectos no se hicieron de la noche a la ma\u00f1ana, se hicieron trabajos de topograf\u00eda, ingenier\u00eda, fuimos a la Ciudad de M\u00e9xico, revisamos, ajustamos y nos esforzamos para que fueran para Manzanillo\u201d.<\/p>\n<p>Indic\u00f3 que a nivel nacional han sido muy pocos los proyectos que la SEDATU apoya, y que una muestra es que, para el estado de Colima, s\u00f3lo se realizar\u00e1n esos 5 proyectos y ser\u00e1n s\u00f3lo para Manzanillo.<\/p>\n<p>Reconoci\u00f3 que dentro de la lista de obras que realizar\u00e1 la SEDATU, quedar\u00e1 pendiente el que se present\u00f3 para la renovaci\u00f3n del Auditorio Manuel Bonilla Valle, \u201ces un proyecto que nos interesa much\u00edsimo, seguiremos empujando hasta el \u00faltimo d\u00eda de nuestra administraci\u00f3n, pues es muy importante que se rehabilite en su totalidad. Tenemos el proyecto hecho, solo esperamos a que SEDATU nos diga que s\u00ed\u201d.<\/p>\n<p>Finalmente, se pidi\u00f3 la comprensi\u00f3n de la poblaci\u00f3n por el desarrollo de estas 5 obras, pues mientras su ejecuci\u00f3n se causar\u00e1 alg\u00fan impacto, sobre todo en El Tajo y en El Colomo.<\/p>\n<p>&nbsp;<\/p>\n","protected":false},"excerpt":{"rendered":"<p>*Las 5 obras que desarrollar\u00e1 la SEDATU superan los 170 millones de pesos, asegur\u00f3 la alcaldesa. Desde hace cuatro a\u00f1os, la administraci\u00f3n que encabeza Griselda Mart\u00ednez se ha enfocado en transformar Manzanillo, desde entonces, el objetivo se centr\u00f3 en trabajar con honestidad y calidad, esas caracter\u00edsticas lograron que el presidente de M\u00e9xico, Andr\u00e9s Manuel L\u00f3pez&#8230;<\/p>\n","protected":false},"author":2,"featured_media":25954,"comment_status":"open","ping_status":"open","sticky":false,"template":"","format":"standard","meta":{"footnotes":""},"categories":[35,8],"tags":[29,30,28],"class_list":["post-25953","post","type-post","status-publish","format-standard","has-post-thumbnail","hentry","category-manzanillo","category-municipios","tag-grid","tag-news","tag-slider"],"_links":{"self":[{"href":"http:\/\/elobservatorio.com.mx\/index.php?rest_route=\/wp\/v2\/posts\/25953"}],"collection":[{"href":"http:\/\/elobservatorio.com.mx\/index.php?rest_route=\/wp\/v2\/posts"}],"about":[{"href":"http:\/\/elobservatorio.com.mx\/index.php?rest_route=\/wp\/v2\/types\/post"}],"author":[{"embeddable":true,"href":"http:\/\/elobservatorio.com.mx\/index.php?rest_route=\/wp\/v2\/users\/2"}],"replies":[{"embeddable":true,"href":"http:\/\/elobservatorio.com.mx\/index.php?rest_route=%2Fwp%2Fv2%2Fcomments&post=25953"}],"version-history":[{"count":0,"href":"http:\/\/elobservatorio.com.mx\/index.php?rest_route=\/wp\/v2\/posts\/25953\/revisions"}],"wp:featuredmedia":[{"embeddable":true,"href":"http:\/\/elobservatorio.com.mx\/index.php?rest_route=\/wp\/v2\/media\/25954"}],"wp:attachment":[{"href":"http:\/\/elobservatorio.com.mx\/index.php?rest_route=%2Fwp%2Fv2%2Fmedia&parent=25953"}],"wp:term":[{"taxonomy":"category","embeddable":true,"href":"http:\/\/elobservatorio.com.mx\/index.php?rest_route=%2Fwp%2Fv2%2Fcategories&post=25953"},{"taxonomy":"post_tag","embeddable":true,"href":"http:\/\/elobservatorio.com.mx\/index.php?rest_route=%2Fwp%2Fv2%2Ftags&post=25953"}],"curies":[{"name":"wp","href":"https:\/\/api.w.org\/{rel}","templated":true}]}}