{"id":25974,"date":"2023-02-21T10:46:07","date_gmt":"2023-02-21T16:46:07","guid":{"rendered":"http:\/\/elobservatorio.com.mx\/?p=25974"},"modified":"2023-02-21T10:46:07","modified_gmt":"2023-02-21T16:46:07","slug":"comite-colima-500-anos-entrega-a-tey-gutierrez-medallas-conmemorativas","status":"publish","type":"post","link":"http:\/\/elobservatorio.com.mx\/?p=25974","title":{"rendered":"Comit\u00e9 Colima 500 A\u00f1os entrega a Tey  Guti\u00e9rrez medallas conmemorativas"},"content":{"rendered":"<p class=\"x_gmail-MsoNoSpacing\"><em><span lang=\"ES-MX\">*Invitan a Villa de \u00c1lvarez a encabezar el Carnaval 2023<\/span><\/em><\/p>\n<p class=\"x_gmail-MsoNoSpacing\"><b><span lang=\"ES-MX\">\u00a0<\/span><\/b><b><span lang=\"ES-MX\">Villa de \u00c1lvarez, Col.-<\/span><\/b><span lang=\"ES-MX\">\u00a0El Comit\u00e9 Ciudadano Colima 500 A\u00f1os entreg\u00f3 a Tey Guti\u00e9rrez Andrade, Presidenta Municipal de Villa de \u00c1lvarez, las primeras tres de seis medallas conmemorativas orientadas a recordar la historia de la regi\u00f3n, adem\u00e1s de un documento digitalizado con 40 a\u00f1os de investigaci\u00f3n hist\u00f3rica.<\/span><\/p>\n<p class=\"x_gmail-MsoNoSpacing\"><span lang=\"ES-MX\">\u00a0<\/span><span lang=\"ES-MX\">La Alcaldesa agradeci\u00f3 la distinci\u00f3n hecha por el Comit\u00e9 Ciudadano a su gobierno y les reconoci\u00f3 el trabajo que realizan para conmemorar a lo grande los 500 a\u00f1os de la Villa de Colima, que es muy visible por las y los colimenses.<\/span><\/p>\n<p class=\"x_gmail-MsoNoSpacing\"><span lang=\"ES-MX\">\u00a0<\/span><span lang=\"ES-MX\">\u00abEste acervo que ustedes nos est\u00e1n compartiendo, nos permitir\u00e1 tener muchos m\u00e1s elementos para conocer este trayecto de la historia de Colima y la participaci\u00f3n en ello de lo que ahora es nuestro municipio\u00bb, expres\u00f3 Guti\u00e9rrez Andrade.<\/span><\/p>\n<p class=\"x_gmail-MsoNoSpacing\"><span lang=\"ES-MX\">\u00a0<\/span><span lang=\"ES-MX\">Melesio Larios entreg\u00f3 a la Alcaldesa la primer medalla conmemorativa , la cual en una de sus caras tiene al Rey Colim\u00e1n y en la otra a Gonzalo de Sandoval, fundador en 1523 de la Villa de Colima en Caxitl\u00e1n.<\/span><\/p>\n<p class=\"x_gmail-MsoNoSpacing\"><span lang=\"ES-MX\">\u00a0<\/span><span lang=\"ES-MX\">La segunda medalla conmemorativa fue entregada por Mario Isais, que en una de sus caras alude la relaci\u00f3n entre las Islas Filipinas y M\u00e9xico, y en la otra aparece la Nao de Manila, expediciones navieras Manila a los puertos de Nueva Espa\u00f1a.<\/span><\/p>\n<p class=\"x_gmail-MsoNoSpacing\"><span lang=\"ES-MX\">\u00a0<\/span><span lang=\"ES-MX\">La tercera medalla, entregada a Tey Guti\u00e9rrez por Jaime Flores, est\u00e1 dedicada a \u00c1frica y a la relaci\u00f3n que se ha tenido con ese continente y sus diferentes culturas.<\/span><\/p>\n<p class=\"x_gmail-MsoNoSpacing\"><span lang=\"ES-MX\">\u00a0<\/span><span lang=\"ES-MX\">Adem\u00e1s se entregaron en formato digital 40 a\u00f1os de investigaciones del Archivo General de la Naci\u00f3n, que entre otros\u00a0 documentos contiene un Acta del Cabildo de Colima del a\u00f1o 1532, la cual fue robada del Archivo de Colima en el siglo 19.<\/span><\/p>\n<p class=\"x_gmail-MsoNoSpacing\"><span lang=\"ES-MX\">\u00a0<\/span><span lang=\"ES-MX\">Finalmente, Roberto Moreno, integrante del Comit\u00e9 Ciudadano Colima 500 A\u00f1os, invit\u00f3 a la Presidenta Tey Guti\u00e9rrez a que Villa de \u00c1lvarez encabece este 2023 el Carnaval que recorre las calles de la capital del estado y las de este municipio.<\/span><\/p>\n","protected":false},"excerpt":{"rendered":"<p>*Invitan a Villa de \u00c1lvarez a encabezar el Carnaval 2023 \u00a0Villa de \u00c1lvarez, Col.-\u00a0El Comit\u00e9 Ciudadano Colima 500 A\u00f1os entreg\u00f3 a Tey Guti\u00e9rrez Andrade, Presidenta Municipal de Villa de \u00c1lvarez, las primeras tres de seis medallas conmemorativas orientadas a recordar la historia de la regi\u00f3n, adem\u00e1s de un documento digitalizado con 40 a\u00f1os de investigaci\u00f3n&#8230;<\/p>\n","protected":false},"author":2,"featured_media":25975,"comment_status":"open","ping_status":"open","sticky":false,"template":"","format":"standard","meta":{"footnotes":""},"categories":[8,42],"tags":[29,30,28],"class_list":["post-25974","post","type-post","status-publish","format-standard","has-post-thumbnail","hentry","category-municipios","category-villa-de-alvarez","tag-grid","tag-news","tag-slider"],"_links":{"self":[{"href":"http:\/\/elobservatorio.com.mx\/index.php?rest_route=\/wp\/v2\/posts\/25974"}],"collection":[{"href":"http:\/\/elobservatorio.com.mx\/index.php?rest_route=\/wp\/v2\/posts"}],"about":[{"href":"http:\/\/elobservatorio.com.mx\/index.php?rest_route=\/wp\/v2\/types\/post"}],"author":[{"embeddable":true,"href":"http:\/\/elobservatorio.com.mx\/index.php?rest_route=\/wp\/v2\/users\/2"}],"replies":[{"embeddable":true,"href":"http:\/\/elobservatorio.com.mx\/index.php?rest_route=%2Fwp%2Fv2%2Fcomments&post=25974"}],"version-history":[{"count":0,"href":"http:\/\/elobservatorio.com.mx\/index.php?rest_route=\/wp\/v2\/posts\/25974\/revisions"}],"wp:featuredmedia":[{"embeddable":true,"href":"http:\/\/elobservatorio.com.mx\/index.php?rest_route=\/wp\/v2\/media\/25975"}],"wp:attachment":[{"href":"http:\/\/elobservatorio.com.mx\/index.php?rest_route=%2Fwp%2Fv2%2Fmedia&parent=25974"}],"wp:term":[{"taxonomy":"category","embeddable":true,"href":"http:\/\/elobservatorio.com.mx\/index.php?rest_route=%2Fwp%2Fv2%2Fcategories&post=25974"},{"taxonomy":"post_tag","embeddable":true,"href":"http:\/\/elobservatorio.com.mx\/index.php?rest_route=%2Fwp%2Fv2%2Ftags&post=25974"}],"curies":[{"name":"wp","href":"https:\/\/api.w.org\/{rel}","templated":true}]}}