{"id":25977,"date":"2023-02-21T12:51:23","date_gmt":"2023-02-21T18:51:23","guid":{"rendered":"http:\/\/elobservatorio.com.mx\/?p=25977"},"modified":"2023-02-21T12:52:58","modified_gmt":"2023-02-21T18:52:58","slug":"impulsa-riult-rivera-paquete-de-obras-carreteras-para-colima-que-ya-se-estan-ejerciendo","status":"publish","type":"post","link":"http:\/\/elobservatorio.com.mx\/?p=25977","title":{"rendered":"Impulsa Riult Rivera paquete de obras carreteras para Colima, algunas ya se est\u00e1n ejerciendo"},"content":{"rendered":"<p><em>*Fueron tramos carreteros desatendidos por a\u00f1os, que en campa\u00f1a \u00a0planteamos y sellamos, en el Congreso empujamos e impulsamos y\u00a0 hoy en d\u00eda se est\u00e1n llevando a la realidad, dice el diputado federal<\/em><\/p>\n<p>Belisario Romero | El Observatorio<\/p>\n<p>Colima Col.-\u00a0 El diputado federal por el Partido Acci\u00f3n Nacional, <strong>Riult Rivera Guti\u00e9rrez<\/strong>, dijo en entrevista para este medio de comunicaci\u00f3n, que desde el Congreso de la Uni\u00f3n se ha impulsado un paquete de obras carreteras para Colima que hoy en d\u00eda se est\u00e1n haciendo realidad.<\/p>\n<p>Se\u00f1al\u00f3 que son obras que desde campa\u00f1a y una vez que tom\u00f3 protesta y se\u00a0 integr\u00f3 a la Comisi\u00f3n de Infraestructura en la Camara de Diputados, se han estado impulsando la rehabilitaci\u00f3n y construcci\u00f3n de algunos tramos carreteros que tienen problemas por a\u00f1os y han puesto en riesgo a los usuarios como lo es el tramo Villa de Alvarez- Minatitl\u00e1n, en el puente del Arroyo Seco<\/p>\n<p>\u00abes una obra de insfraestructura p\u00fablica que desde campa\u00f1a me compromet\u00ed ponerla en la mesa del debate nacional para buscar que fueran erradicados los recursos y se pudiera construir un nuevo puente que le de suficiencia al desfogue del agua que llega a bajar dicho arroyo, hoy en d\u00eda ese puente ya se est\u00e1 edificando, ya se iniciaron los trabajos y eso vendr\u00e1 a darle mucha seguridad y evitar\u00e1 que se interrumpa la circulaci\u00f3n como por varios a\u00f1os ha venido sucediendo en ese tramo carretero\u00bb.<\/p>\n<p>A\u00f1adi\u00f3 que, ah\u00ed mismo en el Arroyo Seco, r\u00edo abajo, pero en el territorio del municipio de Coquimatl\u00e1n hab\u00eda un problema muy fuerte debido a que ten\u00eda dos desviaciones y\u00a0 con el paso del tiempo,\u00a0 desde hace varios a\u00f1os no se le daba atenci\u00f3n al cauce, es una desviaci\u00f3n que apuntaba directamente hacia la comunidad del Poblado del municipio de Coquimatl\u00e1n y\u00a0 pon\u00eda en riesgo la integridad y la vida de las familias.<\/p>\n<blockquote><p><em>\u00abpero r\u00edo m\u00e1s abajo generaba una desviaci\u00f3n que interrump\u00eda totalmente y de manera sorpresiva el paso para veh\u00edculos y personas que\u00a0 se movilizan a trav\u00e9s de esa l\u00ednea de comunicaci\u00f3n,\u00a0 la carretera que viene de Coquimatl\u00e1n hacia la comunidad del Poblado y del Chical, hubo ocasiones en que la gente se qued\u00f3 atorada\u00a0 porque de manera sorpresiva llegaba el cauce del arroyo seco,\u00a0 hoy en d\u00eda esas dos desviaciones ya fueron contenidas,\u00a0 entr\u00f3 la maquinaria,\u00a0 con recursos p\u00fablicos que en su momento logramos que se erradicaran y se invirtieran en esas labores\u00bb.<\/em><\/p><\/blockquote>\n<p>En esa gesti\u00f3n, reconoci\u00f3, hubo \u00a0la participaci\u00f3n de m\u00e1s autoridades y\u00a0 siempre es importante el trabajo de todos los que tenemos alguna representatividad, \u00a0\u00abtengo la satisfacci\u00f3n de decirlo que desde campa\u00f1a lo planteamos y una vez que tom\u00e9 protesta y que me incorpor\u00e9 en la comisi\u00f3n de Infraestructura en la C\u00e1mara de Diputados,\u00a0 estuvimos empujando el tema,\u00a0 plante\u00e1ndolo una y otra vez,\u00a0 sostuvimos muchas reuniones con CONAGUA a nivel central, con l\u00edderes de las comunidades mencionadas, con la unidad de inversiones de la Secretar\u00eda de Hacienda del Gobierno Federal, tambi\u00e9n en la propia tribuna en la Camara de Diputados federales\u00bb.<\/p>\n<p>De lo anterior, coment\u00f3,\u00a0 existe constancia p\u00fablica de que estuvimos empujando este tipo de obras y\u00a0 afortunadamente para bien de las y los usuarios hoy se est\u00e1n edificando, hoy ya no tiene el Arroyo Seco esas dos desviaciones que pon\u00edan en riesgo a las familias, a los ranchos que est\u00e1n por la zona, que\u00a0 es cuesti\u00f3n de da\u00f1o a sus patrimonios,\u00a0 hoy tambi\u00e9n se est\u00e1 llevando a cabo la edificaci\u00f3n del puente que permitir\u00e1 cruzar de manera m\u00e1s segura el cauce del arroryo seco en este tramo carretero que conduce de Coquimatl\u00e1n hacia la comunidad del Poblado y del Chical.<\/p>\n<p>Rivera Guti\u00e9rrez inform\u00f3 que tambi\u00e9n se trabaj\u00f3 \u00a0en otros temas de vital importancia, como lo es la necesidad de invertirle recursos al Libramiento que cruza la zona urbana de Colima, en donde las lozas de concreto ya presentaban un desgaste considerable y que poco a poco iba ir generando mayor riesgo para los usuarios, por supuesto iba a tener como consecuencia un n\u00famero exponencial de accidentes,\u00a0 y esto representa perdidas materiales, de vida.<\/p>\n<blockquote><p><em>\u00abya se dio el banderazo de salida para que estas losas de concreto sean remozadas y que sean una vez m\u00e1s una vialidad adecuada para el transito de todo tipo de veh\u00edculos, este recurso sali\u00f3 por ASIPONA y hay que reconocer tambi\u00e9n a las autoridades federales, a la insistencia,\u00a0 al toque de puerta de manera concurrente,\u00a0 escucharon y se erradicaron los recursos para que pudiera edificarse o iniciarse los trabajos de remozamiento en esta vialidad tan importante\u00bb.<\/em><\/p><\/blockquote>\n<p>Aunque tambi\u00e9n tenemos temas pendientes, dijo, estamos impulsando fuertememte desde el a\u00f1o pasado y lo que va de este a\u00f1o,\u00a0 no\u00a0 ser\u00e1 la excepci\u00f3n reparar algunos tramos carreteros que\u00a0 ponen en riesgo a\u00a0 usuarios,\u00a0 como el de la comunidad de Alzada hacia la comunidad de Trapichillos,\u00a0 entre Cuauht\u00e9moc y Colima , tramo que urge\u00a0 inyectarle recursos para que los usuarios puedan transitar por ah\u00ed de manera adecuada y evitar accidentes,\u00a0 por supuesto tambi\u00e9n el da\u00f1o\u00a0 a su patrimonio veh\u00edcular.<\/p>\n<p>Otro de los tramos, agreg\u00f3, es el de los Perritos Bailarines a Cofrad\u00eda de Morelos en Tecom\u00e1n,\u00a0 es un tramo\u00a0 urgente que lo estamos empujando fuertemente,\u00a0 esperamos este 2023 se invierta el recurso en un tramo nuevo adecuado para el desfogue de los vehiculos que por ah\u00ed transitan y que se haga de manera segura.<\/p>\n<blockquote><p><em>\u00abTambi\u00e9n est\u00e1 el de La Salada,\u00a0 tenemos que darle una cara diferente a las y los usuarios,\u00a0 es un tramo ya con muchas decadas de uso y se necesita darle ya una edificaci\u00f3n distinta,\u00a0 m\u00ednimo un tercer carril que permita el desfogue adecuadao para el transito vehicular\u00bb.<\/em><\/p><\/blockquote>\n<p>Tambi\u00e9n, a\u00f1adi\u00f3, hay puntos muy importantes como el Crucero de Caleras en donde por decadas han sucedido accidentes y\u00a0 hoy tenemos que darle una nueva cara a esta vialidad tan importante, es una vialidad federal pero es utilizada por muchos usuarios de caracter local y tenemos que dar mayor seguridad.<\/p>\n<p>\u00abAdem\u00e1s de eso hay una vialidad que apremia y es la brecha que conduce de la carretera de Minatitl\u00e1n hacia Lagunitas,\u00a0 pasando por Campo cuatro, es una obra que urge se le dote de una vialidad adecuada que les permita subir y bajar el cerro en menor tiempo y\u00a0 de\u00a0 forma segura sin que se est\u00e9n da\u00f1ando sus veh\u00edculos,\u00a0 por supuesto que esto representa mayor seguridad para quienes all\u00e1 viven o por alg\u00fan motivo necesitan transitar por esa l\u00ednea\u00bb.<\/p>\n<p>El legislador federal, dijo que tambi\u00e9n est\u00e1 pendiente el tramo de carreretera de Minatitl\u00e1n hacia la comuinidad de Agua Dulce,\u00a0 es otro tramo que cuando menos se tiene que buscar\u00a0 generar infraestructura que sea mejor o m\u00e1s segurda, como puede ser huellas de rodamiento o piedra ahogada , estamos trabajando en eso y esperamos en este a\u00f1o tener respuesta y poder materialziar este tipo de obras.<\/p>\n<p>Para concluir, coment\u00f3 que existe otro tramo carreteros m\u00e1s,\u00a0 se refiere al municipio de Comala que desde el a\u00f1o pasado se est\u00e1\u00a0 empujando\u00a0 con la intenci\u00f3n de que se pueda llevar a cabo la inversi\u00f3n\u00a0 de recursos para la ampliaci\u00f3n de la carretera,\u00a0 desde la cabecera municipal de Comala hasta Cofrad\u00eda de Suchitl\u00e1n<\/p>\n<blockquote><p><em>\u00abEs una carretera que cada vez mas tiene mayor afluencia de veh\u00edculos porque es una zona tur\u00edstica, donde muchas familias acuden a pasar d\u00edas de campo y esto genera mucho tr\u00e1fico,\u00a0 es necesario y urgente que pueda ser ampliada para evitar accidentes como hoy suceden. <\/em><\/p><\/blockquote>\n<p>Puedo decirte que tengo la satisfacci\u00f3n de que algunas de las que hemos estado poniendo en el debate nacional, buscando que sean dotadas de recursos para que se edifiquen, ya han avanzado y eso me deja la sastifacci\u00f3n de estar cumpliendo los compromisos que en campa\u00f1a planteamos, sellamos y que hoy en d\u00eda se est\u00e1n llevando a la realidad\u00bb.<\/p>\n","protected":false},"excerpt":{"rendered":"<p>*Fueron tramos carreteros desatendidos por a\u00f1os, que en campa\u00f1a \u00a0planteamos y sellamos, en el Congreso empujamos e impulsamos y\u00a0 hoy en d\u00eda se est\u00e1n llevando a la realidad, dice el diputado federal Belisario Romero | El Observatorio Colima Col.-\u00a0 El diputado federal por el Partido Acci\u00f3n Nacional, Riult Rivera Guti\u00e9rrez, dijo en entrevista para este&#8230;<\/p>\n","protected":false},"author":2,"featured_media":25978,"comment_status":"open","ping_status":"open","sticky":false,"template":"","format":"standard","meta":{"footnotes":""},"categories":[43,1],"tags":[29,30,28],"class_list":["post-25977","post","type-post","status-publish","format-standard","has-post-thumbnail","hentry","category-entrevista","category-espacio-legislativo","tag-grid","tag-news","tag-slider"],"_links":{"self":[{"href":"http:\/\/elobservatorio.com.mx\/index.php?rest_route=\/wp\/v2\/posts\/25977"}],"collection":[{"href":"http:\/\/elobservatorio.com.mx\/index.php?rest_route=\/wp\/v2\/posts"}],"about":[{"href":"http:\/\/elobservatorio.com.mx\/index.php?rest_route=\/wp\/v2\/types\/post"}],"author":[{"embeddable":true,"href":"http:\/\/elobservatorio.com.mx\/index.php?rest_route=\/wp\/v2\/users\/2"}],"replies":[{"embeddable":true,"href":"http:\/\/elobservatorio.com.mx\/index.php?rest_route=%2Fwp%2Fv2%2Fcomments&post=25977"}],"version-history":[{"count":0,"href":"http:\/\/elobservatorio.com.mx\/index.php?rest_route=\/wp\/v2\/posts\/25977\/revisions"}],"wp:featuredmedia":[{"embeddable":true,"href":"http:\/\/elobservatorio.com.mx\/index.php?rest_route=\/wp\/v2\/media\/25978"}],"wp:attachment":[{"href":"http:\/\/elobservatorio.com.mx\/index.php?rest_route=%2Fwp%2Fv2%2Fmedia&parent=25977"}],"wp:term":[{"taxonomy":"category","embeddable":true,"href":"http:\/\/elobservatorio.com.mx\/index.php?rest_route=%2Fwp%2Fv2%2Fcategories&post=25977"},{"taxonomy":"post_tag","embeddable":true,"href":"http:\/\/elobservatorio.com.mx\/index.php?rest_route=%2Fwp%2Fv2%2Ftags&post=25977"}],"curies":[{"name":"wp","href":"https:\/\/api.w.org\/{rel}","templated":true}]}}