{"id":25985,"date":"2023-02-21T15:50:21","date_gmt":"2023-02-21T21:50:21","guid":{"rendered":"http:\/\/elobservatorio.com.mx\/?p=25985"},"modified":"2023-02-21T15:50:21","modified_gmt":"2023-02-21T21:50:21","slug":"va-a-prision-por-tentativa-de-homicidio-2","status":"publish","type":"post","link":"http:\/\/elobservatorio.com.mx\/?p=25985","title":{"rendered":"Va a prisi\u00f3n por tentativa de homicidio"},"content":{"rendered":"<p><em>+ Atent\u00f3 contra la vida de la v\u00edctima cuando \u00e9sta iba saliendo de su domicilio<\/em><\/p>\n<p>Luego de que elementos de la Fiscal\u00eda General del Estado (FGE) realizaran las investigaciones correspondientes y aportaran los suficientes datos de prueba ante el \u00f3rgano judicial, un hombre fue vinculado a proceso por un hecho que cometi\u00f3 y que la ley se\u00f1ala como delito de homicidio calificado en grado de tentativa.<\/p>\n<p>De acuerdo a lo sucedido, en diciembre del a\u00f1o 2022, la v\u00edctima sali\u00f3 de su domicilio en la colonia Ram\u00f3n Serrano de la ciudad de Villa de \u00c1lvarez, cuando el imputado descendi\u00f3 de un veh\u00edculo portando un arma de fuego la cual accion\u00f3 en contra de la persona agraviada para intentar privarla de la vida.<\/p>\n<p>Una vez detenido y al ser puesto a disposici\u00f3n del ministerio p\u00fablico y remitido al Juez de Control, se llev\u00f3 a cabo la audiencia correspondiente, misma en la que se le dict\u00f3 auto de vinculaci\u00f3n a proceso, imponi\u00e9ndole la prisi\u00f3n preventiva oficiosa como medida cautelar y el plazo de dos meses para la investigaci\u00f3n complementaria.<\/p>\n<p>La instituci\u00f3n reitera su compromiso con la procuraci\u00f3n de justicia y la reparaci\u00f3n del da\u00f1o a las v\u00edctimas del delito, por lo que continuar\u00e1 trabajando en las investigaciones, as\u00ed como en los procedimientos penales y litigios correspondientes para llevar ante la instancia judicial a los responsables de los delitos y obtener las sanciones que la ley marca.<\/p>\n<p>Es por ello que se sigue exhortando a la poblaci\u00f3n a que realicen sus llamadas de manera gratuita a los n\u00fameros 089 para las denuncias an\u00f3nimas o 911 ante las emergencias.<\/p>\n","protected":false},"excerpt":{"rendered":"<p>+ Atent\u00f3 contra la vida de la v\u00edctima cuando \u00e9sta iba saliendo de su domicilio Luego de que elementos de la Fiscal\u00eda General del Estado (FGE) realizaran las investigaciones correspondientes y aportaran los suficientes datos de prueba ante el \u00f3rgano judicial, un hombre fue vinculado a proceso por un hecho que cometi\u00f3 y que la&#8230;<\/p>\n","protected":false},"author":2,"featured_media":25986,"comment_status":"open","ping_status":"open","sticky":false,"template":"","format":"standard","meta":{"footnotes":""},"categories":[15],"tags":[29,30,28],"class_list":["post-25985","post","type-post","status-publish","format-standard","has-post-thumbnail","hentry","category-seguridad-y-justicia","tag-grid","tag-news","tag-slider"],"_links":{"self":[{"href":"http:\/\/elobservatorio.com.mx\/index.php?rest_route=\/wp\/v2\/posts\/25985"}],"collection":[{"href":"http:\/\/elobservatorio.com.mx\/index.php?rest_route=\/wp\/v2\/posts"}],"about":[{"href":"http:\/\/elobservatorio.com.mx\/index.php?rest_route=\/wp\/v2\/types\/post"}],"author":[{"embeddable":true,"href":"http:\/\/elobservatorio.com.mx\/index.php?rest_route=\/wp\/v2\/users\/2"}],"replies":[{"embeddable":true,"href":"http:\/\/elobservatorio.com.mx\/index.php?rest_route=%2Fwp%2Fv2%2Fcomments&post=25985"}],"version-history":[{"count":0,"href":"http:\/\/elobservatorio.com.mx\/index.php?rest_route=\/wp\/v2\/posts\/25985\/revisions"}],"wp:featuredmedia":[{"embeddable":true,"href":"http:\/\/elobservatorio.com.mx\/index.php?rest_route=\/wp\/v2\/media\/25986"}],"wp:attachment":[{"href":"http:\/\/elobservatorio.com.mx\/index.php?rest_route=%2Fwp%2Fv2%2Fmedia&parent=25985"}],"wp:term":[{"taxonomy":"category","embeddable":true,"href":"http:\/\/elobservatorio.com.mx\/index.php?rest_route=%2Fwp%2Fv2%2Fcategories&post=25985"},{"taxonomy":"post_tag","embeddable":true,"href":"http:\/\/elobservatorio.com.mx\/index.php?rest_route=%2Fwp%2Fv2%2Ftags&post=25985"}],"curies":[{"name":"wp","href":"https:\/\/api.w.org\/{rel}","templated":true}]}}