{"id":25988,"date":"2023-02-21T16:07:13","date_gmt":"2023-02-21T22:07:13","guid":{"rendered":"http:\/\/elobservatorio.com.mx\/?p=25988"},"modified":"2023-02-21T16:08:27","modified_gmt":"2023-02-21T22:08:27","slug":"integrantes-de-mc-tecoman-se-pronuncian-en-contra-de-la-concesion-del-nuevo-panteon-municipal","status":"publish","type":"post","link":"http:\/\/elobservatorio.com.mx\/?p=25988","title":{"rendered":"Integrantes de MC, se pronuncian en contra de la concesi\u00f3n del nuevo pante\u00f3n municipal"},"content":{"rendered":"<p><em>*Esto relacionado a la propuesta del presidente municipal Elias Lozano de dar en concesi\u00f3n la construcci\u00f3n y administraci\u00f3n del nuevo pante\u00f3n municipal de Tecom\u00e1n a una empresa privada con un contrato de 10 a\u00f1os y extensi\u00f3n hasta 40 a\u00f1os.<\/em><\/p>\n<p>Integrantes de Movimiento Ciudadano en Tecom\u00e1n (MC), a trav\u00e9s de la Secretar\u00eda de Organizaci\u00f3n y Proyecci\u00f3n pol\u00edtica, que encabeza, Juan Cruz Ramirez as\u00ed como integrantes del Comit\u00e9 Municipal, Jos\u00e9 Anguiano, Daniela Zerme\u00f1o y Lalo Cruz, hacen un llamado a la congruencia al presidente municipal y a su vez solicitan al Cabildo que busquen las formas para evitar la concesi\u00f3n y se encuentren los mecanismos financieros propios del ayuntamiento para la construcci\u00f3n del mismo.<\/p>\n<p>Juan Cruz se\u00f1al\u00f3 que este, es un tema serio y que urge ya darle una soluci\u00f3n \u00abpero jam\u00e1s ser\u00e1 una opci\u00f3n que el ciudadano se vea afectado pagando espacios costosos. Apoyamos la propuesta del Regidor, Roberto Verduzco como representante ciudadano, para que se construya una primera etapa con recurso propio del municipio y a su vez se empiece la venta de espacios y puedan seguir con la construcci\u00f3n del mismo\u00bb.<\/p>\n<p>Se\u00f1alaron que desde la administraci\u00f3n 2012-2015 se adquiri\u00f3 un terreno porque ya se sab\u00eda del problema de la falta de espacio en el actual Pante\u00f3n y la administraci\u00f3n de El\u00edas Lozano va para su quinto a\u00f1o de gobierno sin buscar alternativas a una concesi\u00f3n.<\/p>\n<p>As\u00ed mismo, invitaron a todos los ciudadanos a seguir de cerca este tema pero sobre todo estar informados y alzar la voz cuando algo este afectando al municipio, \u00abes momento del despertar ciudadano\u00bb.<\/p>\n","protected":false},"excerpt":{"rendered":"<p>*Esto relacionado a la propuesta del presidente municipal Elias Lozano de dar en concesi\u00f3n la construcci\u00f3n y administraci\u00f3n del nuevo pante\u00f3n municipal de Tecom\u00e1n a una empresa privada con un contrato de 10 a\u00f1os y extensi\u00f3n hasta 40 a\u00f1os. Integrantes de Movimiento Ciudadano en Tecom\u00e1n (MC), a trav\u00e9s de la Secretar\u00eda de Organizaci\u00f3n y Proyecci\u00f3n&#8230;<\/p>\n","protected":false},"author":2,"featured_media":25989,"comment_status":"open","ping_status":"open","sticky":false,"template":"","format":"standard","meta":{"footnotes":""},"categories":[10,34],"tags":[29,30,28],"class_list":["post-25988","post","type-post","status-publish","format-standard","has-post-thumbnail","hentry","category-politica","category-tecoman","tag-grid","tag-news","tag-slider"],"_links":{"self":[{"href":"http:\/\/elobservatorio.com.mx\/index.php?rest_route=\/wp\/v2\/posts\/25988"}],"collection":[{"href":"http:\/\/elobservatorio.com.mx\/index.php?rest_route=\/wp\/v2\/posts"}],"about":[{"href":"http:\/\/elobservatorio.com.mx\/index.php?rest_route=\/wp\/v2\/types\/post"}],"author":[{"embeddable":true,"href":"http:\/\/elobservatorio.com.mx\/index.php?rest_route=\/wp\/v2\/users\/2"}],"replies":[{"embeddable":true,"href":"http:\/\/elobservatorio.com.mx\/index.php?rest_route=%2Fwp%2Fv2%2Fcomments&post=25988"}],"version-history":[{"count":0,"href":"http:\/\/elobservatorio.com.mx\/index.php?rest_route=\/wp\/v2\/posts\/25988\/revisions"}],"wp:featuredmedia":[{"embeddable":true,"href":"http:\/\/elobservatorio.com.mx\/index.php?rest_route=\/wp\/v2\/media\/25989"}],"wp:attachment":[{"href":"http:\/\/elobservatorio.com.mx\/index.php?rest_route=%2Fwp%2Fv2%2Fmedia&parent=25988"}],"wp:term":[{"taxonomy":"category","embeddable":true,"href":"http:\/\/elobservatorio.com.mx\/index.php?rest_route=%2Fwp%2Fv2%2Fcategories&post=25988"},{"taxonomy":"post_tag","embeddable":true,"href":"http:\/\/elobservatorio.com.mx\/index.php?rest_route=%2Fwp%2Fv2%2Ftags&post=25988"}],"curies":[{"name":"wp","href":"https:\/\/api.w.org\/{rel}","templated":true}]}}