{"id":26046,"date":"2023-02-25T13:45:32","date_gmt":"2023-02-25T19:45:32","guid":{"rendered":"http:\/\/elobservatorio.com.mx\/?p=26046"},"modified":"2023-02-25T13:45:32","modified_gmt":"2023-02-25T19:45:32","slug":"pavimentaremos-5-calles-del-centro-con-concreto-hidraulico-griselda-martinez","status":"publish","type":"post","link":"http:\/\/elobservatorio.com.mx\/?p=26046","title":{"rendered":"Pavimentaremos 5 calles del centro con concreto hidr\u00e1ulico: Griselda Mart\u00ednez"},"content":{"rendered":"<p><em>*Se contemplar\u00e1 tambi\u00e9n la renovaci\u00f3n de las redes de agua potable, drenaje y las tomas domiciliarias.<\/em><\/p>\n<p>Al encabezar la Escuelita Ciudadana y hablar sobre los proyectos que se desarrollan a trav\u00e9s de la Secretar\u00eda de Desarrollo Agrario, Territorial y Urbano, la presidenta Griselda Mart\u00ednez, adelant\u00f3 que este a\u00f1o, ser\u00e1n pavimentadas con concreto hidr\u00e1ulico 5 calles del centro de Manzanillo.<\/p>\n<p>Precis\u00f3 que las calles que ser\u00e1n renovadas con este nuevo y duradero pavimento ser\u00e1n; la Vicente Guerrero, la 21 de marzo, Ignacio Zaragoza, 5 de mayo y una parte de la Ignacio Allende.<\/p>\n<p>La alcaldesa dijo que como se hace en todas las calles que ha pavimentado con concreto hidr\u00e1ulico durante su administraci\u00f3n, en estas 5 vialidades del coraz\u00f3n de Manzanillo, tambi\u00e9n se contemplar\u00e1 la renovaci\u00f3n de las redes de agua potable y las de drenaje, y adem\u00e1s las tomas domiciliarias para garantizar un servicio de calidad.<\/p>\n<p>Pidi\u00f3 la comprensi\u00f3n de las personas que habitan en el centro, pues dijo que estas obras que se har\u00e1n en este 2023, generar\u00e1n molestias, sin embargo, asegur\u00f3 que ser\u00e1n obras que tendr\u00e1n una vida \u00fatil de m\u00ednimo 30 a\u00f1os, \u00ablos pr\u00f3ximos presidentes que vengan no tendr\u00e1n que hacer trabajos ah\u00ed, y en todas las calles que hemos intervenido\u00bb.<\/p>\n<p>En este acercamiento con personas de distintos puntos de Manzanillo, y tambi\u00e9n otros m\u00e1s que lo hicieron a trav\u00e9s de una plataforma digital, la presidenta habl\u00f3 de las bondades que traen consigo las 5 obras que desarrolla la SEDATU.<\/p>\n<p>Detall\u00f3 cada una de ellas; la de Plaza central de El Colomo, la alberca marina de Ventanas, la rehabilitaci\u00f3n de la Plaza del Padre Hidalgo, la del Barrio Nuevo en Santiago y la del Tajo.<\/p>\n<p>Griselda Mart\u00ednez sostuvo que, aunque a\u00fan no ha sido autorizado el proyecto para la renovaci\u00f3n del Auditorio Manuel Bonilla Valle, presentado ante SEDATU, seguir\u00e1n insistiendo, pues dijo que en esa zona se contempla adquirir el terreno del Asilo de Ancianos, para poder hacer ah\u00ed, un nuevo skate park y una sala de cine al aire libre, \u00abseguiremos pidiendo que nos apoyen con ese proyecto\u00bb.<\/p>\n<p>Finalmente, algunas de las personas presentes, y tambi\u00e9n v\u00eda redes sociales, agradecieron y reconocieron en la presidenta su labor a favor del municipio, y adem\u00e1s solicitaron algunas mejoras en sus colonias y comunidades a lo que la presidenta dijo que lo revisar\u00e1 para pronto dar soluci\u00f3n.<\/p>\n","protected":false},"excerpt":{"rendered":"<p>*Se contemplar\u00e1 tambi\u00e9n la renovaci\u00f3n de las redes de agua potable, drenaje y las tomas domiciliarias. Al encabezar la Escuelita Ciudadana y hablar sobre los proyectos que se desarrollan a trav\u00e9s de la Secretar\u00eda de Desarrollo Agrario, Territorial y Urbano, la presidenta Griselda Mart\u00ednez, adelant\u00f3 que este a\u00f1o, ser\u00e1n pavimentadas con concreto hidr\u00e1ulico 5 calles&#8230;<\/p>\n","protected":false},"author":2,"featured_media":26047,"comment_status":"open","ping_status":"open","sticky":false,"template":"","format":"standard","meta":{"footnotes":""},"categories":[35,8],"tags":[29,30,28],"class_list":["post-26046","post","type-post","status-publish","format-standard","has-post-thumbnail","hentry","category-manzanillo","category-municipios","tag-grid","tag-news","tag-slider"],"_links":{"self":[{"href":"http:\/\/elobservatorio.com.mx\/index.php?rest_route=\/wp\/v2\/posts\/26046"}],"collection":[{"href":"http:\/\/elobservatorio.com.mx\/index.php?rest_route=\/wp\/v2\/posts"}],"about":[{"href":"http:\/\/elobservatorio.com.mx\/index.php?rest_route=\/wp\/v2\/types\/post"}],"author":[{"embeddable":true,"href":"http:\/\/elobservatorio.com.mx\/index.php?rest_route=\/wp\/v2\/users\/2"}],"replies":[{"embeddable":true,"href":"http:\/\/elobservatorio.com.mx\/index.php?rest_route=%2Fwp%2Fv2%2Fcomments&post=26046"}],"version-history":[{"count":0,"href":"http:\/\/elobservatorio.com.mx\/index.php?rest_route=\/wp\/v2\/posts\/26046\/revisions"}],"wp:featuredmedia":[{"embeddable":true,"href":"http:\/\/elobservatorio.com.mx\/index.php?rest_route=\/wp\/v2\/media\/26047"}],"wp:attachment":[{"href":"http:\/\/elobservatorio.com.mx\/index.php?rest_route=%2Fwp%2Fv2%2Fmedia&parent=26046"}],"wp:term":[{"taxonomy":"category","embeddable":true,"href":"http:\/\/elobservatorio.com.mx\/index.php?rest_route=%2Fwp%2Fv2%2Fcategories&post=26046"},{"taxonomy":"post_tag","embeddable":true,"href":"http:\/\/elobservatorio.com.mx\/index.php?rest_route=%2Fwp%2Fv2%2Ftags&post=26046"}],"curies":[{"name":"wp","href":"https:\/\/api.w.org\/{rel}","templated":true}]}}