{"id":26069,"date":"2023-02-27T22:13:11","date_gmt":"2023-02-28T04:13:11","guid":{"rendered":"http:\/\/elobservatorio.com.mx\/?p=26069"},"modified":"2023-02-27T22:13:11","modified_gmt":"2023-02-28T04:13:11","slug":"dan-seguimiento-a-la-actualizacion-del-atlas-de-riesgos-del-estado-de-colima","status":"publish","type":"post","link":"http:\/\/elobservatorio.com.mx\/?p=26069","title":{"rendered":"Dan seguimiento a la actualizaci\u00f3n del Atlas de Riesgos del Estado de Colima"},"content":{"rendered":"<p>Este lunes, Guadalupe Sol\u00eds Ram\u00edrez, secretaria de gobierno y \u00c9rick Gonz\u00e1lez S\u00e1nchez, director de la Unidad Estatal de Protecci\u00f3n Civil (UEPC), visitaron al rector de la Universidad de Colima, Dr. Christian Jorge Torres Ortiz Zerme\u00f1o, para darle seguimiento administrativo al proyecto de Actualizaci\u00f3n del Atlas de Peligros y Riesgos del Estado de Colima. Acompa\u00f1aron al rector, entre otros, \u00d3scar Javier Solorio, director general de Vinculaci\u00f3n y el profesor-investigador Mauricio Bret\u00f3n.<\/p>\n<p>&nbsp;<\/p>\n","protected":false},"excerpt":{"rendered":"<p>Este lunes, Guadalupe Sol\u00eds Ram\u00edrez, secretaria de gobierno y \u00c9rick Gonz\u00e1lez S\u00e1nchez, director de la Unidad Estatal de Protecci\u00f3n Civil (UEPC), visitaron al rector de la Universidad de Colima, Dr. Christian Jorge Torres Ortiz Zerme\u00f1o, para darle seguimiento administrativo al proyecto de Actualizaci\u00f3n del Atlas de Peligros y Riesgos del Estado de Colima. Acompa\u00f1aron al&#8230;<\/p>\n","protected":false},"author":2,"featured_media":26070,"comment_status":"open","ping_status":"open","sticky":false,"template":"","format":"standard","meta":{"footnotes":""},"categories":[19],"tags":[29,30,28],"class_list":["post-26069","post","type-post","status-publish","format-standard","has-post-thumbnail","hentry","category-fotonotas","tag-grid","tag-news","tag-slider"],"_links":{"self":[{"href":"http:\/\/elobservatorio.com.mx\/index.php?rest_route=\/wp\/v2\/posts\/26069"}],"collection":[{"href":"http:\/\/elobservatorio.com.mx\/index.php?rest_route=\/wp\/v2\/posts"}],"about":[{"href":"http:\/\/elobservatorio.com.mx\/index.php?rest_route=\/wp\/v2\/types\/post"}],"author":[{"embeddable":true,"href":"http:\/\/elobservatorio.com.mx\/index.php?rest_route=\/wp\/v2\/users\/2"}],"replies":[{"embeddable":true,"href":"http:\/\/elobservatorio.com.mx\/index.php?rest_route=%2Fwp%2Fv2%2Fcomments&post=26069"}],"version-history":[{"count":0,"href":"http:\/\/elobservatorio.com.mx\/index.php?rest_route=\/wp\/v2\/posts\/26069\/revisions"}],"wp:featuredmedia":[{"embeddable":true,"href":"http:\/\/elobservatorio.com.mx\/index.php?rest_route=\/wp\/v2\/media\/26070"}],"wp:attachment":[{"href":"http:\/\/elobservatorio.com.mx\/index.php?rest_route=%2Fwp%2Fv2%2Fmedia&parent=26069"}],"wp:term":[{"taxonomy":"category","embeddable":true,"href":"http:\/\/elobservatorio.com.mx\/index.php?rest_route=%2Fwp%2Fv2%2Fcategories&post=26069"},{"taxonomy":"post_tag","embeddable":true,"href":"http:\/\/elobservatorio.com.mx\/index.php?rest_route=%2Fwp%2Fv2%2Ftags&post=26069"}],"curies":[{"name":"wp","href":"https:\/\/api.w.org\/{rel}","templated":true}]}}