{"id":26072,"date":"2023-02-27T22:39:16","date_gmt":"2023-02-28T04:39:16","guid":{"rendered":"http:\/\/elobservatorio.com.mx\/?p=26072"},"modified":"2023-02-27T22:39:16","modified_gmt":"2023-02-28T04:39:16","slug":"comienza-udec-a-llamar-la-atencion-nacional-por-sus-avances-en-el-tema-de-genero-rector","status":"publish","type":"post","link":"http:\/\/elobservatorio.com.mx\/?p=26072","title":{"rendered":"Comienza UdeC a llamar la atenci\u00f3n nacional por sus avances en el tema de g\u00e9nero: Rector"},"content":{"rendered":"<p><em>*En el programa Rector\u00eda en frecuencia, Christian Torres Ortiz habl\u00f3 tambi\u00e9n de los bachilleratos especializados y de las jornadas profesiogr\u00e1ficas que realiza la instituci\u00f3n.<\/em><\/p>\n<p>Al participar en el programa de radio Rector\u00eda en frecuencia, este lunes por la ma\u00f1ana, el rector Christian Jorge Torres Ortiz Zerme\u00f1o destac\u00f3 los avances a nivel nacional que ha tenido la Universidad de Colima en el tema de g\u00e9nero; \u201cahora lo que est\u00e1 sucediendo, y no lo decimos nosotros, sino instancias externas y especialistas en tema, es que nuestra instituci\u00f3n se est\u00e1 convirtiendo en un referente estatal en el tema de la equidad de g\u00e9nero; ahora es muy recurrente que nos busquen para asesor\u00edas, para capacitaciones, para orientaciones y para conocer nuestra experiencia institucional.<\/p>\n<p>Comparti\u00f3 que, en la reuni\u00f3n nacional a la que asisti\u00f3 el pasado viernes en Pachuca, Hidalgo, \u201cnuestra experiencia se present\u00f3 como una de las m\u00e1s consolidadas en el tema de equidad de g\u00e9nero entre las universidades e instituciones de educaci\u00f3n superior que forman parte de la ANUIES\u201d.<\/p>\n<p>Agreg\u00f3 que la UdeC cuenta con ventaja respecto a otras instituciones; \u201ctenemos una gran cantidad de investigadores e investigadoras especialistas en el tema para trabajar dentro de la instituci\u00f3n, pero tambi\u00e9n para trabajar fuera en sensibilizar sobre el tema, para brindar capacitaci\u00f3n y para que participen en seminarios o congresos vinculados con esta tem\u00e1tica\u201d.<\/p>\n<p>Durante el programa de radio habl\u00f3 tambi\u00e9n de las Jornadas Profesiogr\u00e1ficas, que hasta el tres de marzo se estar\u00e1n realizando en la casa de estudios. Se trata, coment\u00f3, \u201cde un ejercicio importante y determinante en el presente y futuro de los j\u00f3venes que est\u00e1n a punto de elegir una carrera profesional\u201d.<\/p>\n<p>En este ejercicio, explic\u00f3, \u201clas y los aspirantes est\u00e1n yendo a las facultades a conocer el espacio f\u00edsico, a los maestros, directivos y alumnos que ya est\u00e1n estudiando la carrera que pudieran elegir, para as\u00ed resolver muchas de sus dudas\u201d.<\/p>\n<p>Con esta medida, resalt\u00f3, \u201clos j\u00f3venes tendr\u00e1n una mejor informaci\u00f3n para tomar la decisi\u00f3n m\u00e1s adecuada de lo que desean estudiar y as\u00ed evitar la deserci\u00f3n escolar\u201d.<\/p>\n<p>Otro tema abordado fue el de la revisi\u00f3n que se ha hecho, desde que asumi\u00f3 el cargo como rector, de los planes y programas de estudio con el fin de que todos sean pertinentes. Para ello, dijo, han consultado con empresas y analizado los contextos locales y regionales.<\/p>\n<p>En este sentido, coment\u00f3 que una de las nuevas ofertas es la del Bachillerato 11 de Minatitl\u00e1n, donde se ofrecer\u00e1 la opci\u00f3n de T\u00e9cnico Especializado en Electromec\u00e1nica, \u201cesto gracias a la buena relaci\u00f3n que tenemos con la empresa minera Pe\u00f1a Colorada, con quien se ha firmado un convenio de colaboraci\u00f3n para construir ese bachillerato\u201d.<\/p>\n<p>Otra opci\u00f3n similar es la que se brindar\u00e1 en el Campus de Tecom\u00e1n a trabajadores y trabajadoras de la empresa Sicar Farms, quienes podr\u00e1n terminar su bachillerato en dos a\u00f1os como t\u00e9cnicos o t\u00e9cnicas en ventas, \u201cporque ellos tienen una necesidad derivada del mercado laboral y del contexto donde est\u00e1n\u201d.<\/p>\n<p>Adelant\u00f3 que para agosto del 2024 la UdeC podr\u00eda abrir otras dos ofertas educativas en nivel bachillerato, una en Cuauht\u00e9moc, en convenio con la empresa Ternium, de t\u00e9cnico en mec\u00e1nica o mecatr\u00f3nica y la otra con la comunidad portuaria COPOMA, donde se trabaja en la propuesta de un bachillerato t\u00e9cnico relacionado con las actividades que tiene el puerto de Manzanillo.<\/p>\n<p>\u201cEn un a\u00f1o, la UdeC estar\u00e1 sumando cuatro formaciones t\u00e9cnicas en su bachilleratos, pensadas y dise\u00f1adas totalmente para atender el entorno, los contextos, y tambi\u00e9n cumplir con la premisa que tenemos en esta gesti\u00f3n rectoral: la de la pertinencia educativa; es decir, tenemos que hacer esa revisi\u00f3n e identificar qu\u00e9 es lo que tenemos que cambiar y en ese sentido lo estamos haciendo en bachillerato, lo estaremos haciendo en educaci\u00f3n superior y tambi\u00e9n en posgrado\u201d.<\/p>\n<p>&nbsp;<\/p>\n","protected":false},"excerpt":{"rendered":"<p>*En el programa Rector\u00eda en frecuencia, Christian Torres Ortiz habl\u00f3 tambi\u00e9n de los bachilleratos especializados y de las jornadas profesiogr\u00e1ficas que realiza la instituci\u00f3n. Al participar en el programa de radio Rector\u00eda en frecuencia, este lunes por la ma\u00f1ana, el rector Christian Jorge Torres Ortiz Zerme\u00f1o destac\u00f3 los avances a nivel nacional que ha tenido&#8230;<\/p>\n","protected":false},"author":2,"featured_media":26073,"comment_status":"open","ping_status":"open","sticky":false,"template":"","format":"standard","meta":{"footnotes":""},"categories":[14],"tags":[29,30,28],"class_list":["post-26072","post","type-post","status-publish","format-standard","has-post-thumbnail","hentry","category-educacion-y-cultura","tag-grid","tag-news","tag-slider"],"_links":{"self":[{"href":"http:\/\/elobservatorio.com.mx\/index.php?rest_route=\/wp\/v2\/posts\/26072"}],"collection":[{"href":"http:\/\/elobservatorio.com.mx\/index.php?rest_route=\/wp\/v2\/posts"}],"about":[{"href":"http:\/\/elobservatorio.com.mx\/index.php?rest_route=\/wp\/v2\/types\/post"}],"author":[{"embeddable":true,"href":"http:\/\/elobservatorio.com.mx\/index.php?rest_route=\/wp\/v2\/users\/2"}],"replies":[{"embeddable":true,"href":"http:\/\/elobservatorio.com.mx\/index.php?rest_route=%2Fwp%2Fv2%2Fcomments&post=26072"}],"version-history":[{"count":0,"href":"http:\/\/elobservatorio.com.mx\/index.php?rest_route=\/wp\/v2\/posts\/26072\/revisions"}],"wp:featuredmedia":[{"embeddable":true,"href":"http:\/\/elobservatorio.com.mx\/index.php?rest_route=\/wp\/v2\/media\/26073"}],"wp:attachment":[{"href":"http:\/\/elobservatorio.com.mx\/index.php?rest_route=%2Fwp%2Fv2%2Fmedia&parent=26072"}],"wp:term":[{"taxonomy":"category","embeddable":true,"href":"http:\/\/elobservatorio.com.mx\/index.php?rest_route=%2Fwp%2Fv2%2Fcategories&post=26072"},{"taxonomy":"post_tag","embeddable":true,"href":"http:\/\/elobservatorio.com.mx\/index.php?rest_route=%2Fwp%2Fv2%2Ftags&post=26072"}],"curies":[{"name":"wp","href":"https:\/\/api.w.org\/{rel}","templated":true}]}}