{"id":26087,"date":"2023-03-01T15:43:26","date_gmt":"2023-03-01T21:43:26","guid":{"rendered":"http:\/\/elobservatorio.com.mx\/?p=26087"},"modified":"2023-03-01T15:43:26","modified_gmt":"2023-03-01T21:43:26","slug":"guadalupe-solis-incumplio-acuerdos-con-gremio-de-taxistas-solicitaran-apoyo-federal","status":"publish","type":"post","link":"http:\/\/elobservatorio.com.mx\/?p=26087","title":{"rendered":"Guadalupe Sol\u00eds incumpl\u00edo acuerdos con gremio de taxistas; solicitar\u00e1n apoyo federal"},"content":{"rendered":"<p><em>*La Secretaria general de gobierno Guadalupe Solis no cumpli\u00f3 con lo acordado en la reuni\u00f3n que sostuvimos, dijo Enrique Mart\u00ednez<\/em><\/p>\n<p>Tecom\u00e1n Col.- Taxistas de Tecom\u00e1n, Armer\u00eda, Manzanillo, Villa de \u00c1lvarez y Colima, abordar\u00e1n al presidente de la Rep\u00fablica Andr\u00e9s Manuel L\u00f3pez Obrador en la visita que se prevee realice al estado de Colima, expres\u00f3 Enrique Mart\u00ednez.<\/p>\n<p>En reuni\u00f3n sostenida con el diputado local de Tecom\u00e1n, Rigoberto Garc\u00eda Negrete, dijo Enrique Mart\u00ednez que la secretaria de gobierno del estado de Colima, Guadalupe Solis no est\u00e1 cumpliendo con los acuerdos pactados cuando los recibi\u00f3 en Casa de Gobierno, ante la ausencia de la gobernadora Indira Vizca\u00edno.<\/p>\n<p>La funcionaria estatal, dijo Mart\u00ednez Espinoza, hizo el compromiso que el jur\u00eddico del estado atender\u00eda los asuntos legales y que ser\u00edamos convocados al igual que los diputados H\u00e9ctor Maga\u00f1a y Rigoberto Garc\u00eda y ya van 15 d\u00edas y no nos han llamados al dialogo.<\/p>\n<p>A\u00f1adi\u00f3, tenemos conocimiento que vendr\u00e1 el presidente de la republica Andr\u00e9s Manuel L\u00f3pez Obrador a Colima, y lo vamos abordar para que tenga conocimiento de la protecci\u00f3n que est\u00e1 haciendo la gobernadora Indira Vizca\u00edno al diputado Armando Reyna que tanto da\u00f1o est\u00e1 causando a los Ch\u00f3feres de taxis.<\/p>\n<p>Rigoberto Garc\u00eda Negrete, dijo lamentar que el presidente de la republica tenga que enterarse de un asunto que le corresponde resolver a las y los funcionarios estatales, pero al mismo tiempo dijo no es justo que choferes contin\u00faen sin poder trabajar por falta de un permiso que les est\u00e1 negando la Uni\u00f3n de taxistas que preside Carlos Serrano quien se aprovecha de su encomienda en la Fiscal\u00eda del estado, para amenazarlos y amedrentarlos.<\/p>\n<p>El legislador, se\u00f1al\u00f3 que los taxistas que encabeza Enrique Mart\u00ednez, est\u00e1n buscando justicia en la entrega de concesiones, que intervenga gobierno estatal ante la impunidad y corrupci\u00f3n que existe en la Uni\u00f3n de Taxistas que sigue controlada por el diputado Armando Reyna Maga\u00f1a ex dirigente de los taxistas y al no tener respuesta de parte de la gobernadora Indira Vizca\u00edno buscar\u00e1n el apoyo federal con el secretario de Gobernaci\u00f3n Ad\u00e1n Augusto L\u00f3pez y el presidente de la Rep\u00fablica Andr\u00e9s Manuel L\u00f3pez Obrador<\/p>\n","protected":false},"excerpt":{"rendered":"<p>*La Secretaria general de gobierno Guadalupe Solis no cumpli\u00f3 con lo acordado en la reuni\u00f3n que sostuvimos, dijo Enrique Mart\u00ednez Tecom\u00e1n Col.- Taxistas de Tecom\u00e1n, Armer\u00eda, Manzanillo, Villa de \u00c1lvarez y Colima, abordar\u00e1n al presidente de la Rep\u00fablica Andr\u00e9s Manuel L\u00f3pez Obrador en la visita que se prevee realice al estado de Colima, expres\u00f3 Enrique&#8230;<\/p>\n","protected":false},"author":2,"featured_media":26088,"comment_status":"open","ping_status":"open","sticky":false,"template":"","format":"standard","meta":{"footnotes":""},"categories":[12],"tags":[29,30,28],"class_list":["post-26087","post","type-post","status-publish","format-standard","has-post-thumbnail","hentry","category-sociedad","tag-grid","tag-news","tag-slider"],"_links":{"self":[{"href":"http:\/\/elobservatorio.com.mx\/index.php?rest_route=\/wp\/v2\/posts\/26087"}],"collection":[{"href":"http:\/\/elobservatorio.com.mx\/index.php?rest_route=\/wp\/v2\/posts"}],"about":[{"href":"http:\/\/elobservatorio.com.mx\/index.php?rest_route=\/wp\/v2\/types\/post"}],"author":[{"embeddable":true,"href":"http:\/\/elobservatorio.com.mx\/index.php?rest_route=\/wp\/v2\/users\/2"}],"replies":[{"embeddable":true,"href":"http:\/\/elobservatorio.com.mx\/index.php?rest_route=%2Fwp%2Fv2%2Fcomments&post=26087"}],"version-history":[{"count":0,"href":"http:\/\/elobservatorio.com.mx\/index.php?rest_route=\/wp\/v2\/posts\/26087\/revisions"}],"wp:featuredmedia":[{"embeddable":true,"href":"http:\/\/elobservatorio.com.mx\/index.php?rest_route=\/wp\/v2\/media\/26088"}],"wp:attachment":[{"href":"http:\/\/elobservatorio.com.mx\/index.php?rest_route=%2Fwp%2Fv2%2Fmedia&parent=26087"}],"wp:term":[{"taxonomy":"category","embeddable":true,"href":"http:\/\/elobservatorio.com.mx\/index.php?rest_route=%2Fwp%2Fv2%2Fcategories&post=26087"},{"taxonomy":"post_tag","embeddable":true,"href":"http:\/\/elobservatorio.com.mx\/index.php?rest_route=%2Fwp%2Fv2%2Ftags&post=26087"}],"curies":[{"name":"wp","href":"https:\/\/api.w.org\/{rel}","templated":true}]}}