{"id":26090,"date":"2023-03-01T16:01:31","date_gmt":"2023-03-01T22:01:31","guid":{"rendered":"http:\/\/elobservatorio.com.mx\/?p=26090"},"modified":"2023-03-01T16:01:31","modified_gmt":"2023-03-01T22:01:31","slug":"anuncia-casa-hogar-su-colecta-anual-2023","status":"publish","type":"post","link":"http:\/\/elobservatorio.com.mx\/?p=26090","title":{"rendered":"Anuncia Casa Hogar su Colecta Anual 2023"},"content":{"rendered":"<p>A partir de este mi\u00e9rcoles y hasta el \u00faltimo de mes, se realizar\u00e1 la colecta anual de la Casa Hogar de los ni\u00f1os tecomenses, una campa\u00f1a que tiene como meta lograr por lo menos 250 mil pesos con el apoyo de empresas y ciudadan\u00eda, afirm\u00f3 en rueda de prensa la presidenta del Patronato Briseida Gallardo.<\/p>\n<p>Acompa\u00f1ada de m\u00e1s integrantes del patronato inform\u00f3 que todos los viernes y s\u00e1bados de marzo a partir de las 5 de la tarde a 8:30 de la noche se realizar\u00e1n actividades de boteo en el jard\u00edn principal; la segunda actividad es el d\u00eda 16 de marzo en el sal\u00f3n Barr\u00f3n en punto de las 9 de la ma\u00f1ana, se trata de un desayuno modelada primavera verano, cuyo boleto es de una aportaci\u00f3n de 250 pesos.<\/p>\n<p>Quienes deseen tambi\u00e9n pueden apoyar asistiendo a la tercera actividad, que es una charreada de gala que el 26 de marzo a las 12 del d\u00eda en el Lienzo Charro Juan Rodr\u00edguez donde participar\u00e1n dos equipos de Guadalajara y ese mismo d\u00eda por la tarde (4:00 pm) ser\u00e1 una feria de escaramuzas con de participaci\u00f3n de equipos de Tecom\u00e1n y Colima.<\/p>\n<p>Para quienes deseen otra alternativa, se organiz\u00f3 tambi\u00e9n el \u201cKil\u00f3metro con causa\u201d que es un bicipaseo carrera o caminata el jueves 30 de marzo saliendo a las 5:00 de la tarde del parque Insurgentes hasta el parque Gonz\u00e1lez Lugo \u201cLa playera tiene un costo de 130 pesos y ya est\u00e1n a la venta en la notar\u00eda 6 y en la tienda Textiles de M\u00e9xico, tambi\u00e9n vamos a estar en el jard\u00edn principal los d\u00edas de boteo vendi\u00e9ndolas\u201d. Finalmente anunci\u00f3 una rifa con un donativo solidario con un costo de 100 pesos.<\/p>\n<p>\u201cTenemos muchas necesidades, despu\u00e9s del sismo de septiembre solo detuvimos una semana por algunos da\u00f1os, obtuvimos el dictamen y estamos laborando pero es necesario reparar varios puntos, no estructurales pero s\u00ed es importante y son necesidades prioritarias en el patronato en este momento\u201d.<\/p>\n","protected":false},"excerpt":{"rendered":"<p>A partir de este mi\u00e9rcoles y hasta el \u00faltimo de mes, se realizar\u00e1 la colecta anual de la Casa Hogar de los ni\u00f1os tecomenses, una campa\u00f1a que tiene como meta lograr por lo menos 250 mil pesos con el apoyo de empresas y ciudadan\u00eda, afirm\u00f3 en rueda de prensa la presidenta del Patronato Briseida Gallardo&#8230;.<\/p>\n","protected":false},"author":2,"featured_media":26091,"comment_status":"open","ping_status":"open","sticky":false,"template":"","format":"standard","meta":{"footnotes":""},"categories":[12,34],"tags":[29,30,28],"class_list":["post-26090","post","type-post","status-publish","format-standard","has-post-thumbnail","hentry","category-sociedad","category-tecoman","tag-grid","tag-news","tag-slider"],"_links":{"self":[{"href":"http:\/\/elobservatorio.com.mx\/index.php?rest_route=\/wp\/v2\/posts\/26090"}],"collection":[{"href":"http:\/\/elobservatorio.com.mx\/index.php?rest_route=\/wp\/v2\/posts"}],"about":[{"href":"http:\/\/elobservatorio.com.mx\/index.php?rest_route=\/wp\/v2\/types\/post"}],"author":[{"embeddable":true,"href":"http:\/\/elobservatorio.com.mx\/index.php?rest_route=\/wp\/v2\/users\/2"}],"replies":[{"embeddable":true,"href":"http:\/\/elobservatorio.com.mx\/index.php?rest_route=%2Fwp%2Fv2%2Fcomments&post=26090"}],"version-history":[{"count":0,"href":"http:\/\/elobservatorio.com.mx\/index.php?rest_route=\/wp\/v2\/posts\/26090\/revisions"}],"wp:featuredmedia":[{"embeddable":true,"href":"http:\/\/elobservatorio.com.mx\/index.php?rest_route=\/wp\/v2\/media\/26091"}],"wp:attachment":[{"href":"http:\/\/elobservatorio.com.mx\/index.php?rest_route=%2Fwp%2Fv2%2Fmedia&parent=26090"}],"wp:term":[{"taxonomy":"category","embeddable":true,"href":"http:\/\/elobservatorio.com.mx\/index.php?rest_route=%2Fwp%2Fv2%2Fcategories&post=26090"},{"taxonomy":"post_tag","embeddable":true,"href":"http:\/\/elobservatorio.com.mx\/index.php?rest_route=%2Fwp%2Fv2%2Ftags&post=26090"}],"curies":[{"name":"wp","href":"https:\/\/api.w.org\/{rel}","templated":true}]}}