{"id":26115,"date":"2023-03-02T00:10:20","date_gmt":"2023-03-02T06:10:20","guid":{"rendered":"http:\/\/elobservatorio.com.mx\/?p=26115"},"modified":"2023-03-02T00:10:20","modified_gmt":"2023-03-02T06:10:20","slug":"conocen-aspirantes-que-es-y-que-puede-hacer-un-licenciado-en-artes-visuales","status":"publish","type":"post","link":"http:\/\/elobservatorio.com.mx\/?p=26115","title":{"rendered":"Conocen aspirantes qu\u00e9 es y qu\u00e9 puede hacer un licenciado en artes visuales"},"content":{"rendered":"<p><em>*Como parte de las Jornadas Profesiogr\u00e1ficas de la Universidad de Colima.<\/em><\/p>\n<p>Esta semana se llev\u00f3 a cabo la feria profesiogr\u00e1fica del Departamento de Artes Visuales del Instituto Universitario de Bellas Artes (IUBA), en la ex hacienda del C\u00f3bano, en el kil\u00f3metro 10 de la carretera a Cuauht\u00e9moc.<\/p>\n<p>Cerca de 45 alumnos, en horarios matutino y vespertino, acudieron a este importante ejercicio donde conocieron el plan de estudios, los requisitos de ingreso y los salones en que se imparten las diferentes materias que conforman la licenciatura en Artes Visuales.<\/p>\n<p>El maestro Antonio Carranza, coordinador de la licenciatura, les explic\u00f3 a las y los aspirantes la importancia de estudiar arte y desarrollar la percepci\u00f3n visual. La maestra Nayeli Fern\u00e1ndez, por su parte, mostr\u00f3 ejemplos de cada una de las pr\u00e1cticas art\u00edsticas que realizan los estudiantes en el C\u00f3bano y el maestro Heliodoro Santos y la doctora Patricia Ayala explicaron con detalle el plan de estudios y las posibilidades que tienen en el mundo laboral las y los egresados de esta carrera.<\/p>\n<p>Las maestras Tania Pe\u00f1a y Mari\u00e9 Rivera apoyaron al alumnado en su preinscripci\u00f3n y la maestra Rosal\u00eda Trejo fungi\u00f3 como representante de los egresados para platicarles a los asistentes sus experiencias sobre logros y retos, esto en conjunto con la egresada Katia Ram\u00edrez y las estudiantes Wendolyne Moran, Itsza Jauregui y Lesley Ramos, quienes tambi\u00e9n platicaron con los futuros estudiantes de Artes Visuales.<\/p>\n","protected":false},"excerpt":{"rendered":"<p>*Como parte de las Jornadas Profesiogr\u00e1ficas de la Universidad de Colima. Esta semana se llev\u00f3 a cabo la feria profesiogr\u00e1fica del Departamento de Artes Visuales del Instituto Universitario de Bellas Artes (IUBA), en la ex hacienda del C\u00f3bano, en el kil\u00f3metro 10 de la carretera a Cuauht\u00e9moc. Cerca de 45 alumnos, en horarios matutino y&#8230;<\/p>\n","protected":false},"author":2,"featured_media":26116,"comment_status":"open","ping_status":"open","sticky":false,"template":"","format":"standard","meta":{"footnotes":""},"categories":[14],"tags":[29,30,28],"class_list":["post-26115","post","type-post","status-publish","format-standard","has-post-thumbnail","hentry","category-educacion-y-cultura","tag-grid","tag-news","tag-slider"],"_links":{"self":[{"href":"http:\/\/elobservatorio.com.mx\/index.php?rest_route=\/wp\/v2\/posts\/26115"}],"collection":[{"href":"http:\/\/elobservatorio.com.mx\/index.php?rest_route=\/wp\/v2\/posts"}],"about":[{"href":"http:\/\/elobservatorio.com.mx\/index.php?rest_route=\/wp\/v2\/types\/post"}],"author":[{"embeddable":true,"href":"http:\/\/elobservatorio.com.mx\/index.php?rest_route=\/wp\/v2\/users\/2"}],"replies":[{"embeddable":true,"href":"http:\/\/elobservatorio.com.mx\/index.php?rest_route=%2Fwp%2Fv2%2Fcomments&post=26115"}],"version-history":[{"count":0,"href":"http:\/\/elobservatorio.com.mx\/index.php?rest_route=\/wp\/v2\/posts\/26115\/revisions"}],"wp:featuredmedia":[{"embeddable":true,"href":"http:\/\/elobservatorio.com.mx\/index.php?rest_route=\/wp\/v2\/media\/26116"}],"wp:attachment":[{"href":"http:\/\/elobservatorio.com.mx\/index.php?rest_route=%2Fwp%2Fv2%2Fmedia&parent=26115"}],"wp:term":[{"taxonomy":"category","embeddable":true,"href":"http:\/\/elobservatorio.com.mx\/index.php?rest_route=%2Fwp%2Fv2%2Fcategories&post=26115"},{"taxonomy":"post_tag","embeddable":true,"href":"http:\/\/elobservatorio.com.mx\/index.php?rest_route=%2Fwp%2Fv2%2Ftags&post=26115"}],"curies":[{"name":"wp","href":"https:\/\/api.w.org\/{rel}","templated":true}]}}