{"id":26118,"date":"2023-03-02T00:19:00","date_gmt":"2023-03-02T06:19:00","guid":{"rendered":"http:\/\/elobservatorio.com.mx\/?p=26118"},"modified":"2023-03-02T00:19:00","modified_gmt":"2023-03-02T06:19:00","slug":"realizan-festejo-charrotaurino-en-la-estancia-infantil","status":"publish","type":"post","link":"http:\/\/elobservatorio.com.mx\/?p=26118","title":{"rendered":"Realizan festejo charrotaurino en la Estancia Infantil"},"content":{"rendered":"<p>Con apoyo del Museo Universitario de Artes Populares \u201cMar\u00eda Teresa Pomar\u201d, esta semana las ni\u00f1as y ni\u00f1os de la Estancia Infantil de la Universidad de Colima realizaron un evento enmarcado en los festejos charrotaurinos de Villa de \u00c1lvarez, con el prop\u00f3sito de promover, desde edades tempranas, las tradiciones del estado. Tambi\u00e9n particip\u00f3 en el festejo Blanca Liliana D\u00edaz V\u00e1zquez, presidenta del Voluntariado de la UdeC.<\/p>\n<p>&nbsp;<\/p>\n<p>&nbsp;<\/p>\n","protected":false},"excerpt":{"rendered":"<p>Con apoyo del Museo Universitario de Artes Populares \u201cMar\u00eda Teresa Pomar\u201d, esta semana las ni\u00f1as y ni\u00f1os de la Estancia Infantil de la Universidad de Colima realizaron un evento enmarcado en los festejos charrotaurinos de Villa de \u00c1lvarez, con el prop\u00f3sito de promover, desde edades tempranas, las tradiciones del estado. Tambi\u00e9n particip\u00f3 en el festejo&#8230;<\/p>\n","protected":false},"author":2,"featured_media":26119,"comment_status":"open","ping_status":"open","sticky":false,"template":"","format":"standard","meta":{"footnotes":""},"categories":[14,19],"tags":[29,30,28],"class_list":["post-26118","post","type-post","status-publish","format-standard","has-post-thumbnail","hentry","category-educacion-y-cultura","category-fotonotas","tag-grid","tag-news","tag-slider"],"_links":{"self":[{"href":"http:\/\/elobservatorio.com.mx\/index.php?rest_route=\/wp\/v2\/posts\/26118"}],"collection":[{"href":"http:\/\/elobservatorio.com.mx\/index.php?rest_route=\/wp\/v2\/posts"}],"about":[{"href":"http:\/\/elobservatorio.com.mx\/index.php?rest_route=\/wp\/v2\/types\/post"}],"author":[{"embeddable":true,"href":"http:\/\/elobservatorio.com.mx\/index.php?rest_route=\/wp\/v2\/users\/2"}],"replies":[{"embeddable":true,"href":"http:\/\/elobservatorio.com.mx\/index.php?rest_route=%2Fwp%2Fv2%2Fcomments&post=26118"}],"version-history":[{"count":0,"href":"http:\/\/elobservatorio.com.mx\/index.php?rest_route=\/wp\/v2\/posts\/26118\/revisions"}],"wp:featuredmedia":[{"embeddable":true,"href":"http:\/\/elobservatorio.com.mx\/index.php?rest_route=\/wp\/v2\/media\/26119"}],"wp:attachment":[{"href":"http:\/\/elobservatorio.com.mx\/index.php?rest_route=%2Fwp%2Fv2%2Fmedia&parent=26118"}],"wp:term":[{"taxonomy":"category","embeddable":true,"href":"http:\/\/elobservatorio.com.mx\/index.php?rest_route=%2Fwp%2Fv2%2Fcategories&post=26118"},{"taxonomy":"post_tag","embeddable":true,"href":"http:\/\/elobservatorio.com.mx\/index.php?rest_route=%2Fwp%2Fv2%2Ftags&post=26118"}],"curies":[{"name":"wp","href":"https:\/\/api.w.org\/{rel}","templated":true}]}}