{"id":26121,"date":"2023-03-02T00:43:34","date_gmt":"2023-03-02T06:43:34","guid":{"rendered":"http:\/\/elobservatorio.com.mx\/?p=26121"},"modified":"2023-03-02T00:43:34","modified_gmt":"2023-03-02T06:43:34","slug":"lanza-ayuntamiento-convocatoria-de-emprendiendo-mi-autoempleo","status":"publish","type":"post","link":"http:\/\/elobservatorio.com.mx\/?p=26121","title":{"rendered":"Lanza Ayuntamiento convocatoria de Emprendiendo Mi Autoempleo"},"content":{"rendered":"<p><em>*Invertir\u00e1 12 millones de pesos en apoyo a emprendedores<\/em><\/p>\n<p>La alcaldesa de Manzanillo, Griselda Mart\u00ednez, presidi\u00f3 la instalaci\u00f3n del Comit\u00e9 Valuador del Programa Municipal \u201cEmprendiendo Mi Auto Empleo\u201d, el m\u00e1s exitoso de su administraci\u00f3n, enfocado a generar econom\u00eda desde abajo apoyando a las familias a emprender un negocio propio o a mejorar las condiciones del que ya tengan, con el fin de auto emplearse y emplear a m\u00e1s familias. A trav\u00e9s de este programa se invertir\u00e1n 12 millones de pesos de recursos 100% municipales,<\/p>\n<p>La directora general de Desarrollo Econ\u00f3mico y Tur\u00edstico de Manzanillo, Nora Sep\u00falveda, explic\u00f3 que este programa va dirigido a mujeres y hombres de Manzanillo que se encuentren en situaci\u00f3n de vulnerabilidad econ\u00f3mica, mayores de edad, que sean emprendedores y\/o operen una microempresa como fuente de autoempleo, a trav\u00e9s de empresas dedicadas a la elaboraci\u00f3n de alimentos, pasteler\u00edas, reposter\u00edas, que realicen la transformaci\u00f3n de alg\u00fan producto, o que presten servicios de oficios tradicionales como: costura y confecci\u00f3n, sastrer\u00eda, alba\u00f1iler\u00eda, jardiner\u00eda, herrer\u00eda, carpinter\u00eda, fontaner\u00eda, plomer\u00eda, mec\u00e1nica, electricidad, etc.<\/p>\n<p>Entre los requisitos para el registro de participantes se encuentran: Vivir en el municipio de Manzanillo, presentar original y copia de comprobante de domicilio, identificaci\u00f3n oficial, CURP, operar una actividad econ\u00f3mica y\/o comercial por m\u00ednimo 6 meses y\/o tener o una microempresa, para comprobarlo se deber\u00e1 llenar formato de solicitud que proporcionar\u00e1 la Direcci\u00f3n General de Desarrollo Econ\u00f3mico. Adem\u00e1s, se deber\u00e1 presentar evidencia f\u00edsica de contar con un espacio f\u00edsico para las actividades y se realizar\u00e1 una visita de inspecci\u00f3n; tambi\u00e9n se deber\u00e1 entregar carta compromiso en formato libre para inscribirse al Registro Federal de Contribuyentes y no haber sido beneficiado previamente el o la persona emprendedora, entre otros.<\/p>\n<p>Despu\u00e9s de que el Comit\u00e9 Evaluador Municipal defina a trav\u00e9s de un proceso transparente qui\u00e9nes ser\u00e1n las y los beneficiados, se iniciar\u00e1 con la primera de 3 etapas que consiste en tomar un curso de 20 horas denominado Mi Primer Negocio; en la segunda etapa se dise\u00f1ar\u00e1 la imagen corporativa de las micro empresas y se les entregar\u00e1 un paquete impreso de material publicitario. La tercera y \u00faltima de las etapas es la entrega del equipamiento para iniciar o fortalecer el negocio.<\/p>\n<p>La convocatoria est\u00e1 abierta y concluir\u00e1 el 28 de abril y puede consultarse en este enlace: https:\/\/manzanillo.gob.mx\/almacen\/EMA23_Convocatoria.pdf y en las redes sociales del H. Ayuntamiento de Manzanillo.<\/p>\n<p>Es importante destacar que personal del municipio acudir\u00e1 a las comunidades rurales a dar pl\u00e1ticas informativas para que las personas puedan participar, as\u00ed como para las familias que viven en la zona urbana del municipio se les invita a las pl\u00e1ticas que se dar\u00e1n en el Centro Municipal de Negocios, ubicado en Octavio Paz No.2, Col. Salagua, en un horario de 9 de la ma\u00f1ana a 4 de la tarde; o a los tel\u00e9fonos 314 138 2644 y 314 138 2540 y pueden vincularse al correo electr\u00f3nico: emprendiendo.autoempleo2022@gmail.com.<\/p>\n","protected":false},"excerpt":{"rendered":"<p>*Invertir\u00e1 12 millones de pesos en apoyo a emprendedores La alcaldesa de Manzanillo, Griselda Mart\u00ednez, presidi\u00f3 la instalaci\u00f3n del Comit\u00e9 Valuador del Programa Municipal \u201cEmprendiendo Mi Auto Empleo\u201d, el m\u00e1s exitoso de su administraci\u00f3n, enfocado a generar econom\u00eda desde abajo apoyando a las familias a emprender un negocio propio o a mejorar las condiciones del&#8230;<\/p>\n","protected":false},"author":2,"featured_media":26122,"comment_status":"open","ping_status":"open","sticky":false,"template":"","format":"standard","meta":{"footnotes":""},"categories":[35,8],"tags":[29,30,28],"class_list":["post-26121","post","type-post","status-publish","format-standard","has-post-thumbnail","hentry","category-manzanillo","category-municipios","tag-grid","tag-news","tag-slider"],"_links":{"self":[{"href":"http:\/\/elobservatorio.com.mx\/index.php?rest_route=\/wp\/v2\/posts\/26121"}],"collection":[{"href":"http:\/\/elobservatorio.com.mx\/index.php?rest_route=\/wp\/v2\/posts"}],"about":[{"href":"http:\/\/elobservatorio.com.mx\/index.php?rest_route=\/wp\/v2\/types\/post"}],"author":[{"embeddable":true,"href":"http:\/\/elobservatorio.com.mx\/index.php?rest_route=\/wp\/v2\/users\/2"}],"replies":[{"embeddable":true,"href":"http:\/\/elobservatorio.com.mx\/index.php?rest_route=%2Fwp%2Fv2%2Fcomments&post=26121"}],"version-history":[{"count":0,"href":"http:\/\/elobservatorio.com.mx\/index.php?rest_route=\/wp\/v2\/posts\/26121\/revisions"}],"wp:featuredmedia":[{"embeddable":true,"href":"http:\/\/elobservatorio.com.mx\/index.php?rest_route=\/wp\/v2\/media\/26122"}],"wp:attachment":[{"href":"http:\/\/elobservatorio.com.mx\/index.php?rest_route=%2Fwp%2Fv2%2Fmedia&parent=26121"}],"wp:term":[{"taxonomy":"category","embeddable":true,"href":"http:\/\/elobservatorio.com.mx\/index.php?rest_route=%2Fwp%2Fv2%2Fcategories&post=26121"},{"taxonomy":"post_tag","embeddable":true,"href":"http:\/\/elobservatorio.com.mx\/index.php?rest_route=%2Fwp%2Fv2%2Ftags&post=26121"}],"curies":[{"name":"wp","href":"https:\/\/api.w.org\/{rel}","templated":true}]}}