{"id":26185,"date":"2023-03-08T19:47:21","date_gmt":"2023-03-09T01:47:21","guid":{"rendered":"http:\/\/elobservatorio.com.mx\/?p=26185"},"modified":"2023-03-08T19:47:21","modified_gmt":"2023-03-09T01:47:21","slug":"alcaldesa-inaugura-la-puerta-violeta-para-el-resguardo-y-proteccion-de-las-mujeres","status":"publish","type":"post","link":"http:\/\/elobservatorio.com.mx\/?p=26185","title":{"rendered":"Alcaldesa inaugura \u201cLa Puerta Violeta\u201d para el resguardo y protecci\u00f3n de las mujeres"},"content":{"rendered":"<p><em>*En el marco de la conmemoraci\u00f3n del D\u00eda Internacional de la Mujer, la alcaldesa de Manzanillo demuestra que su administraci\u00f3n enfoca esfuerzos en para erradicar la violencia de g\u00e9nero y fomenta el desarrollo integral de las manzanillenses.<\/em><\/p>\n<p>La presidenta Griselda Mart\u00ednez hizo la inauguraci\u00f3n oficial de la \u201cPuerta Violeta\u201d, inmueble dedicado a preservar la integridad de mujeres v\u00edctimas de violencia, obra en la que se invirtieron 3 millones 714 mil pesos de recursos cien por ciento municipales, para su construcci\u00f3n. Acompa\u00f1ada por la directora del Instituto Municipal de la Mujer Manzanillense (INMUJERES), Ver\u00f3nica Sol\u00eds y el director de Obras P\u00fablicas, Alam Vargas; en el marco de la conmemoraci\u00f3n del D\u00eda Internacional de la Mujer, la alcaldesa se\u00f1al\u00f3 que su administraci\u00f3n seguir\u00e1 firme en la defensa y protecci\u00f3n de los derechos de las mujeres.<\/p>\n<p>La directora de INMUJERES, revel\u00f3 que Puerta Violeta ya ha recibido a mujeres con sus hijos para su protecci\u00f3n y resguardo, destacando adem\u00e1s que en estas instalaciones se brinda asesor\u00eda legal, atenci\u00f3n psicol\u00f3gica y de trabajo social. Tambi\u00e9n se les ofrecen programas para su desarrollo integral con capacitaci\u00f3n en distintos \u00e1mbitos para la atenci\u00f3n en sus propios hogares o para auto emplearse ofreci\u00e9ndoles de forma gratuita talleres de oficios \u201cno tradicionales para mujeres\u201d como: Mec\u00e1nica, electricidad, carpinter\u00eda, reparaci\u00f3n de aparatos electrodom\u00e9sticos, defensa personal, entre otros.<\/p>\n<p>Sobre el detalle de la construcci\u00f3n de la Puerta Violeta, el director de obras p\u00fablicas, dijo que el terreno de \u00e9sta tiene una superficie de 700 metros cuadrados, y se edific\u00f3 en 250 metros cuadrados con m\u00f3dulos de dormitorios, ba\u00f1os y regaderas, cocineta y comedor, un \u00e1rea administrativa, la sala jur\u00eddica, de trabajo social, \u00e1rea de terapia y de psicolog\u00eda; \u201ctodo el edificio cuenta con sistema de calentador solar para agua caliente\u201d.\u00a0 Agreg\u00f3 que, adem\u00e1s se hizo la construcci\u00f3n de un muro perimetral con reja tipo militar, se instalaron aires acondicionados y realizaron obras para las \u00e1reas verdes y trabajo de jardiner\u00eda.<\/p>\n<p>Previamente, al hablar sobre el D\u00eda Internacional de la Mujer Griselda Mart\u00ednez, mencion\u00f3 que la violencia contra las mujeres se debe a un problema sist\u00e9mico en el pa\u00eds y en el mundo, \u201cnos violentan y matan porque pueden; lo hacen porque saben que saldr\u00e1n impunes. Es un tema de educaci\u00f3n y cultura\u201d. Se\u00f1al\u00f3 que en su administraci\u00f3n se trabaja intensamente en la defensa de los derechos de las mujeres y que, a trav\u00e9s de la Puerta Violeta, se busca la justicia y se otorga protecci\u00f3n. \u201cLas mujeres violentadas no est\u00e1n solas, cuentan con nosotras\u201d.<\/p>\n<p>Griselda Mart\u00ednez enfatiz\u00f3 que \u201cen todo el estado de Colima, Manzanillo es el \u00fanico en construir una puerta Violenta \u201clo hicimos desde hace 2 a\u00f1os y hoy la inauguramos, ofreciendo instalaciones especiales para brindar apoyo\u201d. Actualmente a trav\u00e9s de sus distintas \u00e1reas, el Ayuntamiento de Manzanillo ofrece programas y servicios para mujeres de todas las edades, desde cursos y talleres de artes a trav\u00e9s del Instituto Municipal de la Cultura, as\u00ed como programas sociales y apoyos para las mujeres en condiciones vulnerables de otras direcciones municipales.<\/p>\n<p>&nbsp;<\/p>\n","protected":false},"excerpt":{"rendered":"<p>*En el marco de la conmemoraci\u00f3n del D\u00eda Internacional de la Mujer, la alcaldesa de Manzanillo demuestra que su administraci\u00f3n enfoca esfuerzos en para erradicar la violencia de g\u00e9nero y fomenta el desarrollo integral de las manzanillenses. La presidenta Griselda Mart\u00ednez hizo la inauguraci\u00f3n oficial de la \u201cPuerta Violeta\u201d, inmueble dedicado a preservar la integridad&#8230;<\/p>\n","protected":false},"author":2,"featured_media":26186,"comment_status":"open","ping_status":"open","sticky":false,"template":"","format":"standard","meta":{"footnotes":""},"categories":[35,8],"tags":[29,30,28],"class_list":["post-26185","post","type-post","status-publish","format-standard","has-post-thumbnail","hentry","category-manzanillo","category-municipios","tag-grid","tag-news","tag-slider"],"_links":{"self":[{"href":"http:\/\/elobservatorio.com.mx\/index.php?rest_route=\/wp\/v2\/posts\/26185"}],"collection":[{"href":"http:\/\/elobservatorio.com.mx\/index.php?rest_route=\/wp\/v2\/posts"}],"about":[{"href":"http:\/\/elobservatorio.com.mx\/index.php?rest_route=\/wp\/v2\/types\/post"}],"author":[{"embeddable":true,"href":"http:\/\/elobservatorio.com.mx\/index.php?rest_route=\/wp\/v2\/users\/2"}],"replies":[{"embeddable":true,"href":"http:\/\/elobservatorio.com.mx\/index.php?rest_route=%2Fwp%2Fv2%2Fcomments&post=26185"}],"version-history":[{"count":0,"href":"http:\/\/elobservatorio.com.mx\/index.php?rest_route=\/wp\/v2\/posts\/26185\/revisions"}],"wp:featuredmedia":[{"embeddable":true,"href":"http:\/\/elobservatorio.com.mx\/index.php?rest_route=\/wp\/v2\/media\/26186"}],"wp:attachment":[{"href":"http:\/\/elobservatorio.com.mx\/index.php?rest_route=%2Fwp%2Fv2%2Fmedia&parent=26185"}],"wp:term":[{"taxonomy":"category","embeddable":true,"href":"http:\/\/elobservatorio.com.mx\/index.php?rest_route=%2Fwp%2Fv2%2Fcategories&post=26185"},{"taxonomy":"post_tag","embeddable":true,"href":"http:\/\/elobservatorio.com.mx\/index.php?rest_route=%2Fwp%2Fv2%2Ftags&post=26185"}],"curies":[{"name":"wp","href":"https:\/\/api.w.org\/{rel}","templated":true}]}}