{"id":26249,"date":"2023-03-14T22:06:55","date_gmt":"2023-03-15T04:06:55","guid":{"rendered":"http:\/\/elobservatorio.com.mx\/?p=26249"},"modified":"2023-03-14T22:06:55","modified_gmt":"2023-03-15T04:06:55","slug":"impulsa-margarita-moreno-proyeccion-de-jovenes-deportistas-de-la-capital","status":"publish","type":"post","link":"http:\/\/elobservatorio.com.mx\/?p=26249","title":{"rendered":"Impulsa Margarita Moreno proyecci\u00f3n de j\u00f3venes deportistas de la capital"},"content":{"rendered":"<p><em>*Margarita Moreno y Aquivaldo \u00a0Mosquera, director \u00a0t\u00e9cnico de Alebrijes de Oaxaca FC, hacen equipo para ofrecer alternativas de crecimiento a deportistas de Colima.<\/em><br aria-hidden=\"true\" \/><br aria-hidden=\"true\" \/>Por invitaci\u00f3n de la presidenta municipal de Colima, Margarita Moreno, el director t\u00e9cnico del equipo Alebrijes de Oaxaca Aquivaldo Mosquera estuvo en la capital colimense para encabezar una doble jornada de visor\u00edas de nuevos talentos que puedan sumarse a las filas de este club profesional, as\u00ed como brindar una pl\u00e1tica para las ni\u00f1as y ni\u00f1os de la Casa Hogar del Ni\u00f1o y la Ni\u00f1a Colimense.<br aria-hidden=\"true\" \/><br aria-hidden=\"true\" \/>Margarita Moreno se\u00f1al\u00f3 que el impulso al deporte juega un papel importante en su administraci\u00f3n cuyas acciones est\u00e1n enfocadas a ofrecer un beneficio directo a las familias de Colima; se\u00f1al\u00f3 que en su administraci\u00f3n se cuenta con escuelas de iniciaci\u00f3n deportiva se han convertido en un \u00e9xito, atendiendo actualmente a m\u00e1s de 700 ni\u00f1as, ni\u00f1os y adolescentes.<br aria-hidden=\"true\" \/><br aria-hidden=\"true\" \/>Aquivaldo Mosquera se\u00f1al\u00f3 que este proyecto de visorias tiene el objetivo de ofrecer alternativas de crecimiento a j\u00f3venes con potencial y talento para participar en ligas profesionales de f\u00fatbol, reconociendo que Colima puede ser semillero de grandes futbolistas.<br aria-hidden=\"true\" \/><br aria-hidden=\"true\" \/>Cit\u00f3 el caso del jugador colimense Hermes Hern\u00e1ndez, a quien en la actualidad dirige en el equipo de Alebrijes de Oaxaca en la Liga de Expansi\u00f3n profesional.<br aria-hidden=\"true\" \/><br aria-hidden=\"true\" \/>El ex futbolista colombiano, campe\u00f3n de la Liga Mx con Pachuca y Am\u00e9rica, as\u00ed como seleccionado nacional de Colombia y ex jugador del Sevilla de Espa\u00f1a, agradeci\u00f3 a la alcaldesa la oportunidad de tener contacto con la juventud del municipio.<br aria-hidden=\"true\" \/><br aria-hidden=\"true\" \/>Como parte de esta gira el entrenador colombiano tambi\u00e9n ofreci\u00f3 una pl\u00e1tica a ni\u00f1as y ni\u00f1os de la Casa Hogar del Ni\u00f1o y la Ni\u00f1a Colimense donde dej\u00f3 en claro que los sue\u00f1os se pueden cumplir con dedicaci\u00f3n, disciplina y explotando cada una de nuestras capacidades.<br aria-hidden=\"true\" \/><br aria-hidden=\"true\" \/>El director de Fomento Deportivo del Ayuntamiento de Colima, Antonio Ruiz, inform\u00f3 que en el primer d\u00eda \u00a0de actividades de visor\u00edas se registraron m\u00e1s de 200 j\u00f3venes para realizar las pruebas, mismas que continuar\u00e1n este mi\u00e9rcoles a partir de las 03:00 de la tarde en el \u00a0campo de f\u00fatbol del Centro Deportivo Municipal \u201cJos\u00e9 Luis Contreras\u201d, ubicado en la colonia Infonavit &#8211; La Estancia<\/p>\n","protected":false},"excerpt":{"rendered":"<p>*Margarita Moreno y Aquivaldo \u00a0Mosquera, director \u00a0t\u00e9cnico de Alebrijes de Oaxaca FC, hacen equipo para ofrecer alternativas de crecimiento a deportistas de Colima.Por invitaci\u00f3n de la presidenta municipal de Colima, Margarita Moreno, el director t\u00e9cnico del equipo Alebrijes de Oaxaca Aquivaldo Mosquera estuvo en la capital colimense para encabezar una doble jornada de visor\u00edas de&#8230;<\/p>\n","protected":false},"author":2,"featured_media":26250,"comment_status":"open","ping_status":"open","sticky":false,"template":"","format":"standard","meta":{"footnotes":""},"categories":[36,8],"tags":[29,30,28],"class_list":["post-26249","post","type-post","status-publish","format-standard","has-post-thumbnail","hentry","category-colima","category-municipios","tag-grid","tag-news","tag-slider"],"_links":{"self":[{"href":"http:\/\/elobservatorio.com.mx\/index.php?rest_route=\/wp\/v2\/posts\/26249"}],"collection":[{"href":"http:\/\/elobservatorio.com.mx\/index.php?rest_route=\/wp\/v2\/posts"}],"about":[{"href":"http:\/\/elobservatorio.com.mx\/index.php?rest_route=\/wp\/v2\/types\/post"}],"author":[{"embeddable":true,"href":"http:\/\/elobservatorio.com.mx\/index.php?rest_route=\/wp\/v2\/users\/2"}],"replies":[{"embeddable":true,"href":"http:\/\/elobservatorio.com.mx\/index.php?rest_route=%2Fwp%2Fv2%2Fcomments&post=26249"}],"version-history":[{"count":0,"href":"http:\/\/elobservatorio.com.mx\/index.php?rest_route=\/wp\/v2\/posts\/26249\/revisions"}],"wp:featuredmedia":[{"embeddable":true,"href":"http:\/\/elobservatorio.com.mx\/index.php?rest_route=\/wp\/v2\/media\/26250"}],"wp:attachment":[{"href":"http:\/\/elobservatorio.com.mx\/index.php?rest_route=%2Fwp%2Fv2%2Fmedia&parent=26249"}],"wp:term":[{"taxonomy":"category","embeddable":true,"href":"http:\/\/elobservatorio.com.mx\/index.php?rest_route=%2Fwp%2Fv2%2Fcategories&post=26249"},{"taxonomy":"post_tag","embeddable":true,"href":"http:\/\/elobservatorio.com.mx\/index.php?rest_route=%2Fwp%2Fv2%2Ftags&post=26249"}],"curies":[{"name":"wp","href":"https:\/\/api.w.org\/{rel}","templated":true}]}}