{"id":26279,"date":"2023-03-15T01:01:24","date_gmt":"2023-03-15T07:01:24","guid":{"rendered":"http:\/\/elobservatorio.com.mx\/?p=26279"},"modified":"2023-03-15T01:01:24","modified_gmt":"2023-03-15T07:01:24","slug":"griselda-martinez-invita-a-participar-en-convocatoria-yo-actuo-por-manzanillo","status":"publish","type":"post","link":"http:\/\/elobservatorio.com.mx\/?p=26279","title":{"rendered":"Griselda Mart\u00ednez invita a participar en  convocatoria \u201cYo act\u00fao por Manzanillo\u201d"},"content":{"rendered":"<p><em>*Es la \u00fanica en su tipo de todo el estado para incentivar a que la sociedad participe y se organice a favor de su comunidad +Los proyectos ser\u00e1n recibidos en el Casino de la Feria.<\/em><\/p>\n<p>La presidenta municipal Griselda Mart\u00ednez, anunci\u00f3 que el Ayuntamiento de Manzanillo ya abri\u00f3 la convocatoria \u201cYo act\u00fao por Manzanillo\u201d, la cual est\u00e1 dirigida para que asociaciones civiles, organizaciones, instituciones educativas y colectivos del municipio, presenten proyectos de impacto ben\u00e9fico para \u00e9ste. Los ganadores ser\u00e1n apoyados de manera econ\u00f3mica, pues para tal objetivo se cuenta con un techo financiero de 1 mill\u00f3n 280 mil pesos.<\/p>\n<p>En compa\u00f1\u00eda de la secretaria del Ayuntamiento, Martha Zepeda del Toro, la alcaldesa destac\u00f3 que esta convocatoria se ha abierto desde hace 4 a\u00f1os, a iniciativa de la secretar\u00eda de la comuna, con la cual se han mejorado muchos aspectos del municipio, para el beneficio colectivo o social, \u201cestos proyectos autorizados no pueden utilizar el recurso en gasto corriente, pues buscamos que todo lo que hacemos llegar all\u00e1 afuera sea en beneficio de la gente\u201d.<\/p>\n<p>En su intervenci\u00f3n, Martha Zepeda, explic\u00f3 que esta convocatoria est\u00e1 dirigida a organizaciones de la sociedad civil, instituciones y a colectivos para que presenten proyectos cuyas actividades se encuentren dentro de cuatro ejes tem\u00e1ticos y l\u00edneas de acci\u00f3n definidas, estas son: competitividad econ\u00f3mica y empleo para todos el cual debe atender la econom\u00eda para el bienestar; sociedad digna e incluyente fomentando la participaci\u00f3n ciudadana; sociedad segura, que debe considerar la seguridad, salud integral, desarrollo social y entornos favorables; ecolog\u00eda el cual debe contemplar la sustentabilidad y medio ambiente y, educaci\u00f3n y cultura que deber\u00e1 atender la promoci\u00f3n cultural y la formaci\u00f3n cultural y acad\u00e9mica.<\/p>\n<p>Record\u00f3 que hace 4 a\u00f1os, a trav\u00e9s del cabildo se decid\u00eda a qu\u00e9 organizaciones o grupos se apoyaba, d\u00e1ndoles recursos mes a mes, sin ning\u00fan tipo de seguimiento, ni de transparencia y sin tener la certeza de que s\u00ed se apoyaba a la gente. Aclar\u00f3 que ahora, los proyectos presentados, deben tener una viabilidad financiera y un impacto social lo cual califica un jurado experto con lo que se garantiza una aplicaci\u00f3n eficiente y eficaz, \u201cy se les da un seguimiento a las acciones que desempe\u00f1an\u201d.<\/p>\n<p>Destac\u00f3 que, a lo largo de cuatro a\u00f1os, la convocatoria \u201cYo act\u00fao de Manzanillo\u201d ha apoyado a 90 agrupaciones, la cual es muy solicitada ya que es la \u00fanica en todo el estado que opera con esas caracter\u00edsticas, \u201calgunas de las organizaciones que reciben apoyo es la Casa Hogar Liborio Espinoza, el Patronato del Hospital Civil, la Asociaci\u00f3n de apoyo a sordos, pero adem\u00e1s las agrupaciones que no tienen un acta constitutiva pero que sus causas son importantes y con formalidad\u201d.<\/p>\n<p>Indic\u00f3 que el presupuesto autorizado para la atenci\u00f3n de la convocatoria se aplicar\u00e1 en 4 categor\u00edas: para las Asociaciones Civiles e Instituciones de Asistencia Privada; para Colectivos u otras formas asociativas no formales; proyectos de seguridad social y para las Universidades P\u00fablicas o Privadas de Manzanillo.<\/p>\n<p>Cada proyecto presentado deber\u00e1 ser sustentado con el nombre del mismo, indicar el campo de acci\u00f3n que aborda, una s\u00edntesis, el objetivo general y sus objetivos espec\u00edficos del proyecto, la viabilidad, su justificaci\u00f3n y antecedentes, la duraci\u00f3n, un cronograma de actividades, el lugar donde se realizar\u00e1, una descripci\u00f3n, tipo de poblaci\u00f3n que se incluir\u00e1 en las actividades del proyecto, recursos solicitados, relaci\u00f3n de gastos, entre otros.<\/p>\n<p>Los proyectos ser\u00e1n recibidos \u00fanicamente en versi\u00f3n electr\u00f3nica al correo: yoactuopormzo@gmail.com o en la oficina de la Secretar\u00eda del Ayuntamiento de Manzanillo la cual se ubica en el Casino de la Feria, de 8:30 de la ma\u00f1ana a 5 de la tarde, \u201cah\u00ed les orientamos c\u00f3mo integrar su proyecto, su plan de trabajo, c\u00f3mo tienen que llevar a cabo su fiscalizaci\u00f3n y les damos todas las facilidades para hacer algo bueno por su municipio\u201d.<\/p>\n<p>La recepci\u00f3n de proyectos tiene de plazo hasta el 31 de marzo de 2023, la confirmaci\u00f3n de los mismos ser\u00e1 el mi\u00e9rcoles 05 de abril, el periodo de evaluaci\u00f3n y deliberaci\u00f3n se llevar\u00e1 a cabo del 10 al 26 de abril, los resultados se publicar\u00e1n el 28 de abril y se entregar\u00e1n los recursos el 08 de mayo de 2023, en una ceremonia especial en el marco de la fundaci\u00f3n de Manzanillo.<\/p>\n<p>Para m\u00e1s informaci\u00f3n puede consultar la convocatoria en el siguiente enlace <a href=\"https:\/\/bit.ly\/3Kyn1Is\" target=\"_blank\" rel=\"noopener\">https:\/\/bit.ly\/3Kyn1Is<\/a><\/p>\n<p>&nbsp;<\/p>\n","protected":false},"excerpt":{"rendered":"<p>*Es la \u00fanica en su tipo de todo el estado para incentivar a que la sociedad participe y se organice a favor de su comunidad +Los proyectos ser\u00e1n recibidos en el Casino de la Feria. La presidenta municipal Griselda Mart\u00ednez, anunci\u00f3 que el Ayuntamiento de Manzanillo ya abri\u00f3 la convocatoria \u201cYo act\u00fao por Manzanillo\u201d, la&#8230;<\/p>\n","protected":false},"author":2,"featured_media":26280,"comment_status":"open","ping_status":"open","sticky":false,"template":"","format":"standard","meta":{"footnotes":""},"categories":[35,8],"tags":[29,30,28],"class_list":["post-26279","post","type-post","status-publish","format-standard","has-post-thumbnail","hentry","category-manzanillo","category-municipios","tag-grid","tag-news","tag-slider"],"_links":{"self":[{"href":"http:\/\/elobservatorio.com.mx\/index.php?rest_route=\/wp\/v2\/posts\/26279"}],"collection":[{"href":"http:\/\/elobservatorio.com.mx\/index.php?rest_route=\/wp\/v2\/posts"}],"about":[{"href":"http:\/\/elobservatorio.com.mx\/index.php?rest_route=\/wp\/v2\/types\/post"}],"author":[{"embeddable":true,"href":"http:\/\/elobservatorio.com.mx\/index.php?rest_route=\/wp\/v2\/users\/2"}],"replies":[{"embeddable":true,"href":"http:\/\/elobservatorio.com.mx\/index.php?rest_route=%2Fwp%2Fv2%2Fcomments&post=26279"}],"version-history":[{"count":0,"href":"http:\/\/elobservatorio.com.mx\/index.php?rest_route=\/wp\/v2\/posts\/26279\/revisions"}],"wp:featuredmedia":[{"embeddable":true,"href":"http:\/\/elobservatorio.com.mx\/index.php?rest_route=\/wp\/v2\/media\/26280"}],"wp:attachment":[{"href":"http:\/\/elobservatorio.com.mx\/index.php?rest_route=%2Fwp%2Fv2%2Fmedia&parent=26279"}],"wp:term":[{"taxonomy":"category","embeddable":true,"href":"http:\/\/elobservatorio.com.mx\/index.php?rest_route=%2Fwp%2Fv2%2Fcategories&post=26279"},{"taxonomy":"post_tag","embeddable":true,"href":"http:\/\/elobservatorio.com.mx\/index.php?rest_route=%2Fwp%2Fv2%2Ftags&post=26279"}],"curies":[{"name":"wp","href":"https:\/\/api.w.org\/{rel}","templated":true}]}}