{"id":26284,"date":"2023-03-15T11:29:55","date_gmt":"2023-03-15T17:29:55","guid":{"rendered":"http:\/\/elobservatorio.com.mx\/?p=26284"},"modified":"2023-03-15T11:29:55","modified_gmt":"2023-03-15T17:29:55","slug":"regidor-rafa-ortega-logra-exitosa-gestion-para-obra-en-cerro-de-ortega","status":"publish","type":"post","link":"http:\/\/elobservatorio.com.mx\/?p=26284","title":{"rendered":"Regidor Rafa Ortega logra exitosa gesti\u00f3n para obra en Cerro de Ortega"},"content":{"rendered":"<p><em>*Se trata de 150 metros de empedrado de la calle Col\u00f3n, en donde se har\u00e1 una inversi\u00f3n de 1 mill\u00f3n 300 mil pesos.<\/em><\/p>\n<p>Tecom\u00e1n Col.- Tras estar impulsando y empujando desde el a\u00f1o pasado,\u00a0 una de varias obras para Tecom\u00e1n, por fin se logr\u00f3 una de empedrado de la calle Col\u00f3n en la comunidad de Cerro de Ortega, as\u00ed lo inform\u00f3 el regidor Rafael Ortega Buenrostro.<\/p>\n<p>Explic\u00f3 que se trata de una obra que vendr\u00e1 a solucionar un problema a\u00f1ejo de inundaci\u00f3n y embellecimiento del acceso a la comunidad, como lo es el empedrado de 150 metros cuadrados, en donde se invertir\u00e1n 1 mill\u00f3n 300 mil pesos. Dicha obra se presenta la pr\u00f3xima semana en el paquete de obras del Programa Operativo Anual ya como una realidad<\/p>\n<p>Desde el a\u00f1o pasado hemos estado empujando e impulsando a la rehabilitaci\u00f3n de la Unidad Deportiva en dicha comunidad, como tambi\u00e9n la importancia de mantener en optimas condiciones la entrada principal hacia al campo de f\u00fatbol,\u00a0 ya que en temporal de lluvias se hace intransitable, aparte del mal aspecto que da a la misma unidad,\u00a0 las familias no pueden ingresar a sus viviendas, genera malos olores y proliferaci\u00f3n de moscos.<\/p>\n<p>Agreg\u00f3 que dentro de esa gesti\u00f3n qued\u00f3 la obra antes mencionada, solucionando esa problem\u00e1tica a\u00f1eja de dicha vialidad, sin embargo, tambi\u00e9n est\u00e1 el compromiso\u00a0 que dentro del presupuesto para la obra de empedrado, se pretende generar ahorros, el cual servir\u00eda\u00a0 y se aprovechar\u00eda para darle una manita de gato a la Unidad Deportiva, tema que tambi\u00e9n ya se platic\u00f3 con titulares de Desarrollo Urbano y Obras P\u00fablicas. Finaliz\u00f3<\/p>\n","protected":false},"excerpt":{"rendered":"<p>*Se trata de 150 metros de empedrado de la calle Col\u00f3n, en donde se har\u00e1 una inversi\u00f3n de 1 mill\u00f3n 300 mil pesos. Tecom\u00e1n Col.- Tras estar impulsando y empujando desde el a\u00f1o pasado,\u00a0 una de varias obras para Tecom\u00e1n, por fin se logr\u00f3 una de empedrado de la calle Col\u00f3n en la comunidad de&#8230;<\/p>\n","protected":false},"author":2,"featured_media":21874,"comment_status":"open","ping_status":"open","sticky":false,"template":"","format":"standard","meta":{"footnotes":""},"categories":[8,34],"tags":[29,30,28],"class_list":["post-26284","post","type-post","status-publish","format-standard","has-post-thumbnail","hentry","category-municipios","category-tecoman","tag-grid","tag-news","tag-slider"],"_links":{"self":[{"href":"http:\/\/elobservatorio.com.mx\/index.php?rest_route=\/wp\/v2\/posts\/26284"}],"collection":[{"href":"http:\/\/elobservatorio.com.mx\/index.php?rest_route=\/wp\/v2\/posts"}],"about":[{"href":"http:\/\/elobservatorio.com.mx\/index.php?rest_route=\/wp\/v2\/types\/post"}],"author":[{"embeddable":true,"href":"http:\/\/elobservatorio.com.mx\/index.php?rest_route=\/wp\/v2\/users\/2"}],"replies":[{"embeddable":true,"href":"http:\/\/elobservatorio.com.mx\/index.php?rest_route=%2Fwp%2Fv2%2Fcomments&post=26284"}],"version-history":[{"count":0,"href":"http:\/\/elobservatorio.com.mx\/index.php?rest_route=\/wp\/v2\/posts\/26284\/revisions"}],"wp:featuredmedia":[{"embeddable":true,"href":"http:\/\/elobservatorio.com.mx\/index.php?rest_route=\/wp\/v2\/media\/21874"}],"wp:attachment":[{"href":"http:\/\/elobservatorio.com.mx\/index.php?rest_route=%2Fwp%2Fv2%2Fmedia&parent=26284"}],"wp:term":[{"taxonomy":"category","embeddable":true,"href":"http:\/\/elobservatorio.com.mx\/index.php?rest_route=%2Fwp%2Fv2%2Fcategories&post=26284"},{"taxonomy":"post_tag","embeddable":true,"href":"http:\/\/elobservatorio.com.mx\/index.php?rest_route=%2Fwp%2Fv2%2Ftags&post=26284"}],"curies":[{"name":"wp","href":"https:\/\/api.w.org\/{rel}","templated":true}]}}