{"id":26340,"date":"2023-03-21T15:41:22","date_gmt":"2023-03-21T21:41:22","guid":{"rendered":"http:\/\/elobservatorio.com.mx\/?p=26340"},"modified":"2023-03-21T15:41:22","modified_gmt":"2023-03-21T21:41:22","slug":"encabeza-tey-gutierrez-macro-limpieza-de-carretera-el-chivato-villa-de-alvarez","status":"publish","type":"post","link":"http:\/\/elobservatorio.com.mx\/?p=26340","title":{"rendered":"Encabeza Tey Guti\u00e9rrez macro limpieza de carretera El Chivato-Villa de \u00c1lvarez"},"content":{"rendered":"<p><em>*Se recuperan 2 mil metros lineales con el apoyo del Ej\u00e9rcito, del Ayuntamiento de Villa de \u00c1lvarez y de vecinas y vecinos del lugar.<\/em><br aria-hidden=\"true\" \/><br aria-hidden=\"true\" \/>Villa de \u00c1lvarez, Col.- M\u00e1s de 16 toneladas de cacharros, maleza, ramas y basura recogidas y la recuperaci\u00f3n de una superficie de 2 mil metros lineales de los costados de la carretera El Chivato-Villa de \u00c1lvarez, realizaron este lunes efectivos de la Sedena, personal del Ayuntamiento de Villa de \u00c1lvarez, vecinas y vecinos del lugar y voluntarios de la Unidad Municipal de Protecci\u00f3n Civil.<br aria-hidden=\"true\" \/><br aria-hidden=\"true\" \/>La limpieza y rescate de esa zona de la Ciudad de Villa de \u00c1lvarez se realiz\u00f3 con el apoyo de 60 efectivos del Ej\u00e9rcito Mexicano, 10 vecinas y vecinos de la localidad y 40 elementos de Protecci\u00f3n Civil Villa de \u00c1lvarez y de la Direcci\u00f3n General de Servicios P\u00fablicos.<br aria-hidden=\"true\" \/><br aria-hidden=\"true\" \/>La Alcaldesa Tey Guti\u00e9rrez Andrade record\u00f3 que este a\u00f1o su gobierno tiene programado realizar, junto con la Secretar\u00eda de la Defensa Nacional, el rescate de al menos 40 espacios p\u00fablicos, de los cuales el de este martes fue el octavo, acciones que forman parte de las Metas Estrat\u00e9gicas del Programa de Gobierno 2023.<br aria-hidden=\"true\" \/><br aria-hidden=\"true\" \/>La Presidenta Municipal \u00a0expres\u00f3 su agradecimiento al General de la XX Zona Militar, Adolfo H\u00e9ctor Tonatiuh Velasco, por sumarse a los trabajos de rescate de espacios muy importantes para las y los villalvarenses, al tratarse de un tema de seguridad, con especial \u00e9nfasis para las mujeres que transitan por ellos.<br aria-hidden=\"true\" \/><br aria-hidden=\"true\" \/>Guti\u00e9rrez Andrade destac\u00f3 la importancia del rescate y limpieza de la zona norte del municipio, pues no s\u00f3lo el \u00e1rea urbana requiere ser atendida, tambi\u00e9n la zona rural y sus habitantes exigen y merecen contar con entornos seguros, \u201cy en eso trabajamos de manera coordinada \u00a0el municipio, el Ej\u00e9rcito \u00a0Mexicano y la poblaci\u00f3n\u201d.<br aria-hidden=\"true\" \/><br aria-hidden=\"true\" \/>Finalmente, inform\u00f3 que ante la pr\u00f3xima temporada vacacional de semanas Santa y Pascua, \u00a0su gobierno intensificar\u00e1 las tareas de limpieza y rescate de espacios p\u00fablicos en las zonas de mayor afluencia de visitantes, entre otras, las \u00e1reas rurales de la zona norte del municipio.<\/p>\n","protected":false},"excerpt":{"rendered":"<p>*Se recuperan 2 mil metros lineales con el apoyo del Ej\u00e9rcito, del Ayuntamiento de Villa de \u00c1lvarez y de vecinas y vecinos del lugar.Villa de \u00c1lvarez, Col.- M\u00e1s de 16 toneladas de cacharros, maleza, ramas y basura recogidas y la recuperaci\u00f3n de una superficie de 2 mil metros lineales de los costados de la carretera&#8230;<\/p>\n","protected":false},"author":2,"featured_media":26341,"comment_status":"open","ping_status":"open","sticky":false,"template":"","format":"standard","meta":{"footnotes":""},"categories":[8,42],"tags":[29,30,28],"class_list":["post-26340","post","type-post","status-publish","format-standard","has-post-thumbnail","hentry","category-municipios","category-villa-de-alvarez","tag-grid","tag-news","tag-slider"],"_links":{"self":[{"href":"http:\/\/elobservatorio.com.mx\/index.php?rest_route=\/wp\/v2\/posts\/26340"}],"collection":[{"href":"http:\/\/elobservatorio.com.mx\/index.php?rest_route=\/wp\/v2\/posts"}],"about":[{"href":"http:\/\/elobservatorio.com.mx\/index.php?rest_route=\/wp\/v2\/types\/post"}],"author":[{"embeddable":true,"href":"http:\/\/elobservatorio.com.mx\/index.php?rest_route=\/wp\/v2\/users\/2"}],"replies":[{"embeddable":true,"href":"http:\/\/elobservatorio.com.mx\/index.php?rest_route=%2Fwp%2Fv2%2Fcomments&post=26340"}],"version-history":[{"count":0,"href":"http:\/\/elobservatorio.com.mx\/index.php?rest_route=\/wp\/v2\/posts\/26340\/revisions"}],"wp:featuredmedia":[{"embeddable":true,"href":"http:\/\/elobservatorio.com.mx\/index.php?rest_route=\/wp\/v2\/media\/26341"}],"wp:attachment":[{"href":"http:\/\/elobservatorio.com.mx\/index.php?rest_route=%2Fwp%2Fv2%2Fmedia&parent=26340"}],"wp:term":[{"taxonomy":"category","embeddable":true,"href":"http:\/\/elobservatorio.com.mx\/index.php?rest_route=%2Fwp%2Fv2%2Fcategories&post=26340"},{"taxonomy":"post_tag","embeddable":true,"href":"http:\/\/elobservatorio.com.mx\/index.php?rest_route=%2Fwp%2Fv2%2Ftags&post=26340"}],"curies":[{"name":"wp","href":"https:\/\/api.w.org\/{rel}","templated":true}]}}