{"id":26347,"date":"2023-03-21T16:28:47","date_gmt":"2023-03-21T22:28:47","guid":{"rendered":"http:\/\/elobservatorio.com.mx\/?p=26347"},"modified":"2023-03-21T16:28:47","modified_gmt":"2023-03-21T22:28:47","slug":"a-prision-por-violencia-intrafamiliar-y-amenazar-con-un-cuchillo-a-un-hombre","status":"publish","type":"post","link":"http:\/\/elobservatorio.com.mx\/?p=26347","title":{"rendered":"A prisi\u00f3n por violencia intrafamiliar y amenazar con un cuchillo  a un hombre"},"content":{"rendered":"<p><em>* Ya se encuentra vinculado a proceso<\/em><\/p>\n<p>Luego de que agentes del ministerio p\u00fablico adscritos a esta Fiscal\u00eda General del Estado (FGE) aportaran los datos de prueba suficientes sobre un hecho ocurrido en el municipio de Manzanillo y que la ley se\u00f1ala como delito de amenazas y violencia intrafamiliar, Marcelo \u201cN\u201d fue vinculado a proceso por el \u00f3rgano jurisdiccional.<\/p>\n<p>Los acontecimientos se suscitaron el pasado 18 de marzo de este a\u00f1o, cuando la v\u00edctima observ\u00f3 que Marcelo \u201cN\u201d se encontraba pateando un refrigerador y ya hab\u00eda da\u00f1ado un est\u00e9reo, propiedad de la persona agraviada. Posterior a ello, el ahora imputado lo agredi\u00f3 de manera verbal y con un cuchillo lo intimid\u00f3 con causarle da\u00f1o a su persona.<\/p>\n<p>Tras los ocurrido y al ser reportado ante la autoridad, una vez detenido fue puesto a disposici\u00f3n del ministerio p\u00fablico mismo que al realizar las indagatorias correspondientes, lo remiti\u00f3 al Juez de Control quien calific\u00f3 de legal la detenci\u00f3n, le dict\u00f3 auto de vinculaci\u00f3n a proceso imponi\u00e9ndole la prisi\u00f3n preventiva como medida cautelar y el plazo de tres meses para el cierre de la investigaci\u00f3n.<\/p>\n<p>Ante estos actos delictivos, la FGE contin\u00faa exhortando a la ciudadan\u00eda a que realicen su reporte mediante las llamadas an\u00f3nimas al 089, o trav\u00e9s del 911 para las emergencias. Tu participaci\u00f3n es fundamental para la autoridad<\/p>\n","protected":false},"excerpt":{"rendered":"<p>* Ya se encuentra vinculado a proceso Luego de que agentes del ministerio p\u00fablico adscritos a esta Fiscal\u00eda General del Estado (FGE) aportaran los datos de prueba suficientes sobre un hecho ocurrido en el municipio de Manzanillo y que la ley se\u00f1ala como delito de amenazas y violencia intrafamiliar, Marcelo \u201cN\u201d fue vinculado a proceso&#8230;<\/p>\n","protected":false},"author":2,"featured_media":26348,"comment_status":"open","ping_status":"open","sticky":false,"template":"","format":"standard","meta":{"footnotes":""},"categories":[15],"tags":[29,30,28],"class_list":["post-26347","post","type-post","status-publish","format-standard","has-post-thumbnail","hentry","category-seguridad-y-justicia","tag-grid","tag-news","tag-slider"],"_links":{"self":[{"href":"http:\/\/elobservatorio.com.mx\/index.php?rest_route=\/wp\/v2\/posts\/26347"}],"collection":[{"href":"http:\/\/elobservatorio.com.mx\/index.php?rest_route=\/wp\/v2\/posts"}],"about":[{"href":"http:\/\/elobservatorio.com.mx\/index.php?rest_route=\/wp\/v2\/types\/post"}],"author":[{"embeddable":true,"href":"http:\/\/elobservatorio.com.mx\/index.php?rest_route=\/wp\/v2\/users\/2"}],"replies":[{"embeddable":true,"href":"http:\/\/elobservatorio.com.mx\/index.php?rest_route=%2Fwp%2Fv2%2Fcomments&post=26347"}],"version-history":[{"count":0,"href":"http:\/\/elobservatorio.com.mx\/index.php?rest_route=\/wp\/v2\/posts\/26347\/revisions"}],"wp:featuredmedia":[{"embeddable":true,"href":"http:\/\/elobservatorio.com.mx\/index.php?rest_route=\/wp\/v2\/media\/26348"}],"wp:attachment":[{"href":"http:\/\/elobservatorio.com.mx\/index.php?rest_route=%2Fwp%2Fv2%2Fmedia&parent=26347"}],"wp:term":[{"taxonomy":"category","embeddable":true,"href":"http:\/\/elobservatorio.com.mx\/index.php?rest_route=%2Fwp%2Fv2%2Fcategories&post=26347"},{"taxonomy":"post_tag","embeddable":true,"href":"http:\/\/elobservatorio.com.mx\/index.php?rest_route=%2Fwp%2Fv2%2Ftags&post=26347"}],"curies":[{"name":"wp","href":"https:\/\/api.w.org\/{rel}","templated":true}]}}