{"id":26380,"date":"2023-03-22T12:29:45","date_gmt":"2023-03-22T18:29:45","guid":{"rendered":"http:\/\/elobservatorio.com.mx\/?p=26380"},"modified":"2023-03-22T12:31:00","modified_gmt":"2023-03-22T18:31:00","slug":"mientras-bellota-y-bombon-viven-mundo-de-caricatura-colima-arde-en-violencia-chamuco-anguiano","status":"publish","type":"post","link":"http:\/\/elobservatorio.com.mx\/?p=26380","title":{"rendered":"Mientras \u00abBellota\u00bb y \u00abBomb\u00f3n\u00bb viven mundo de caricaturas,  Colima arde en violencia: \u00abChamuco\u00bb Anguiano"},"content":{"rendered":"<p><em>*El regidor panista en el cabildo tecomense adelant\u00f3 que analiza citar en la pr\u00f3xima sesi\u00f3n al director de seguridad p\u00fablica y vialidad para que explique sobre incremento de inseguridad en el municipio.<\/em><\/p>\n<p>Tecom\u00e1n Col.- El regidor panista, de la alianza Va Por Tecom\u00e1n, <em><strong>Sergio \u00abChamuco\u00bb Anguiano,<\/strong><\/em> se\u00f1al\u00f3 que mientras Bellota( Viridiana Valencia, delegada federal)\u00a0 y Bomb\u00f3n (Indira Vizca\u00edno, gobernadora) viven su mundo de caricaturas autonombr\u00e1ndose las chicas superpoderosas, el Estado arde en violencia.<\/p>\n<p>Agreg\u00f3 que desgraciadamente esto tambien es parte de replicar lo que pasa con la cabeza federal, ya que tenemos un presidente que le est\u00e1 apostando a la confrontaci\u00f3n, a la divisi\u00f3n, a dividir a los mexicanos y eso como sociedad no nos lleva a nada bueno.<\/p>\n<p>Como ejemplo,\u00a0 dijo, est\u00e1 la marcha que convoc\u00f3 el s\u00e1bado por la Expropiaci\u00f3n Petrolera o Natalicio de Benito Ju\u00e1rez, y vimos en los medios nacionales que quemaron una imagen de la Ministro Norma Pi\u00f1a,\u00a0 y es un claro ejemplo que esas actitudes solo generan odio y divisi\u00f3n provocado por el mismo presidente porque la Ministro no es del equipo o grupo del presidente que quiere tener el contro de todos otros poderes, legislativo, judicial y ahora el cuarto poder que es el de los periodistas, acusando a todo el que no piensa como \u00e9l,\u00a0 lo ataca y eso no nos lleva a nada bueno.<\/p>\n<blockquote><p><strong>\u00abObviamente esas acciones aqu\u00ed en Colima y el municipio se replican, aqu\u00ed la gobernadora y la delegada federal dan declaraciones que est\u00e1n fuera de contexto, es una falta de respeto a las v\u00edctimas y a los colimenses, tenemos una ola de violencia que se est\u00e1 viviendo hoy en nuestro Estado como nunca se habia visto\u00bb.\u00a0<\/strong><\/p><\/blockquote>\n<p>En ese sentido, el regidor panista, record\u00f3 que Colima ha ocupado el primer lugar a nivel mundial en violencia y ellas andan con caricaturas que \u00abBellota\u00bb y que \u00abBomb\u00f3n\u00bb y eso no ayuda en nada, verguenza les deber\u00eda de dar.<\/p>\n<p>\u00abOjal\u00e1 un d\u00eda tengamos aqu\u00ed representantes en el poder ejecutivo estatal que tengan verg\u00fcenza y dignidad,\u00a0 otras personas con calidad moral, \u00e9tica,\u00a0 verg\u00fcenza y dignidad ya hubieran renunciado porque le han quedado a deber a sus electores,\u00a0 a los ciudadanos, cuando toman protesta juran hacer cumplir la ley y la Constituci\u00f3n si no que el pueblo se los demande y se los est\u00e1 demandando porque no cumplen ni hacen cumplir la ley\u00bb.<\/p>\n<p>Por ultimo dijo estar preocupado por la inseguridad y otros problemas que est\u00e1 perjudicando a los tecomense y las autoridades prefieren repartir sand\u00edas o despensas que atender los temas.<\/p>\n<p>\u00abEn el tema de la inseguridad que ya se vino a Tecom\u00e1n, desde hace d\u00edas hemos estado viendo un incremento de delitos y homicidios a causa de la la inseguridad que se vive en nuestro Estado y en ese sentido tengo pensando en la pr\u00f3xima sesi\u00f3n citar al director de seguridad p\u00fablica y vialidad para que nos d\u00e9 una explicaci\u00f3n al respecto\u00bb<\/p>\n<p>&nbsp;<\/p>\n","protected":false},"excerpt":{"rendered":"<p>*El regidor panista en el cabildo tecomense adelant\u00f3 que analiza citar en la pr\u00f3xima sesi\u00f3n al director de seguridad p\u00fablica y vialidad para que explique sobre incremento de inseguridad en el municipio. Tecom\u00e1n Col.- El regidor panista, de la alianza Va Por Tecom\u00e1n, Sergio \u00abChamuco\u00bb Anguiano, se\u00f1al\u00f3 que mientras Bellota( Viridiana Valencia, delegada federal)\u00a0 y&#8230;<\/p>\n","protected":false},"author":2,"featured_media":6331,"comment_status":"open","ping_status":"open","sticky":false,"template":"","format":"standard","meta":{"footnotes":""},"categories":[8,34],"tags":[29,30,28],"class_list":["post-26380","post","type-post","status-publish","format-standard","has-post-thumbnail","hentry","category-municipios","category-tecoman","tag-grid","tag-news","tag-slider"],"_links":{"self":[{"href":"http:\/\/elobservatorio.com.mx\/index.php?rest_route=\/wp\/v2\/posts\/26380"}],"collection":[{"href":"http:\/\/elobservatorio.com.mx\/index.php?rest_route=\/wp\/v2\/posts"}],"about":[{"href":"http:\/\/elobservatorio.com.mx\/index.php?rest_route=\/wp\/v2\/types\/post"}],"author":[{"embeddable":true,"href":"http:\/\/elobservatorio.com.mx\/index.php?rest_route=\/wp\/v2\/users\/2"}],"replies":[{"embeddable":true,"href":"http:\/\/elobservatorio.com.mx\/index.php?rest_route=%2Fwp%2Fv2%2Fcomments&post=26380"}],"version-history":[{"count":0,"href":"http:\/\/elobservatorio.com.mx\/index.php?rest_route=\/wp\/v2\/posts\/26380\/revisions"}],"wp:featuredmedia":[{"embeddable":true,"href":"http:\/\/elobservatorio.com.mx\/index.php?rest_route=\/wp\/v2\/media\/6331"}],"wp:attachment":[{"href":"http:\/\/elobservatorio.com.mx\/index.php?rest_route=%2Fwp%2Fv2%2Fmedia&parent=26380"}],"wp:term":[{"taxonomy":"category","embeddable":true,"href":"http:\/\/elobservatorio.com.mx\/index.php?rest_route=%2Fwp%2Fv2%2Fcategories&post=26380"},{"taxonomy":"post_tag","embeddable":true,"href":"http:\/\/elobservatorio.com.mx\/index.php?rest_route=%2Fwp%2Fv2%2Ftags&post=26380"}],"curies":[{"name":"wp","href":"https:\/\/api.w.org\/{rel}","templated":true}]}}