{"id":26400,"date":"2023-03-28T19:08:53","date_gmt":"2023-03-29T01:08:53","guid":{"rendered":"http:\/\/elobservatorio.com.mx\/?p=26400"},"modified":"2023-03-28T19:08:53","modified_gmt":"2023-03-29T01:08:53","slug":"lleva-tey-gutierrez-programas-sociales-alimentarios-a-las-colonias","status":"publish","type":"post","link":"http:\/\/elobservatorio.com.mx\/?p=26400","title":{"rendered":"Lleva Tey Guti\u00e9rrez programas sociales alimentarios a las colonias"},"content":{"rendered":"<p><em>*En apoyo de la econom\u00eda de las familias se ofrecer\u00e1 pescado y camar\u00f3n a bajo costo \u00a0<\/em><br aria-hidden=\"true\" \/><br aria-hidden=\"true\" \/>Villa de \u00c1lvarez, Col. En apoyo a la econom\u00eda familiar, el Ayuntamiento de Villa de \u00c1lvarez ofrecer\u00e1 el programa social alimentario de pescado y camar\u00f3n a bajo costo en varias colonias del municipio.<br aria-hidden=\"true\" \/><br aria-hidden=\"true\" \/>Los productos alimenticios son pescado tilapia, a 50 pesos el kilogramo, y camar\u00f3n a 130 pesos por cada kilo.<br aria-hidden=\"true\" \/><br aria-hidden=\"true\" \/>Este mi\u00e9rcoles 29 de marzo el programa llegar\u00e1 a las colonias Villas Ca\u00f1averal, de 10:30 a 11:15 de la ma\u00f1ana; Solidaridad, de las 11:10 a las 11:50; Arboledas del Carmen, de 11:50 a 12:30; Real de Minas, de las 12:30 a la 1:10 de la tarde, y Linda Vista, de la 1:10 a la 1:50 PM.<br aria-hidden=\"true\" \/><br aria-hidden=\"true\" \/>Tambi\u00e9n el mi\u00e9rcoles se ofrecer\u00e1 el producto en las colonias Lomas Altas, de 1:50 a 2:30 de la tarde; Alfredo V. Bonfil, de 2:30 a 3:10; Leandro Valle, de 3:10 a 3:50, y Senderos del Carmen, de 3:50 a 4:30 PM.<br aria-hidden=\"true\" \/><br aria-hidden=\"true\" \/>Para el jueves 30 el producto llegar\u00e1 a las colonias Morelos, de 10:30 a 11:10 AM; L\u00f3pez Mateos de las 11:10 a las 11:50; Liberaci\u00f3n, de 11:50 a 12:30; Rosario Ibarra, de 12:30 a la 1:10 de la tarde, y Francisco Hern\u00e1ndez Espinosa, de la 1:10 a la 1:50 PM.<br aria-hidden=\"true\" \/><br aria-hidden=\"true\" \/>Tambi\u00e9n el jueves se ofrecer\u00e1 el producto en las colonias Frontera, de 1:50 a 2:30 de la tarde; El Llano, de 2:30 a 3:10; La Hacienda, de 3:10 a 3:40; El Valle, de 3:50 a 4:30, y La Gloria, de 4:30 a 5:10 PM.<br aria-hidden=\"true\" \/><br aria-hidden=\"true\" \/>El viernes 31 de marzo el programa se llevar\u00e1 a las colonias Verde Valle, de 10:30 a 11:10 AM; Real del Seis, de 11:10 a 11:50; Palo Alto, de 11:50 a 12:30; Buena Visita, de 12:30 a la 1:10, \u00a0e Higueras del Espinal, de la 1:10 a la 1:50 PM.<br aria-hidden=\"true\" \/><br aria-hidden=\"true\" \/>Ese mismo viernes tambi\u00e9n se ofrecer\u00e1 el producto en las colonias Patria, de 1:50 a 2:30 de la tarde; La Reserva, de 2:30 a 3:10; Tulipanes, de 3:10 a 3:40; Puertas de Rol\u00f3n, de 3:50 a 4:30; El Haya, de 4:30 a 5:10, y Villa Flores, de 5:10 a 5:40 PM.<br aria-hidden=\"true\" \/><br aria-hidden=\"true\" \/>El programa concluir\u00e1 el lunes 3 de abril en \u00a0las colonias Tabachines, de 10:30 a 11:10 AM; Juan Jos\u00e9 R\u00edos I, de 11:10 a 11:50; Juan Jos\u00e9 R\u00edos II, de 11:50 a 12:30, y Ram\u00f3n Serrano, de 12:30 a la 1:10 PM<br aria-hidden=\"true\" \/><br aria-hidden=\"true\" \/>Por la tarde continuar\u00e1 en la Manuel M. Di\u00e9guez, de la 1:10 a la 1:50 PM; Manuel \u00c1lvarez, de 1:50 a 2:30 de la tarde; Rancho Blanco, de 2:30 a 3:10, \u00a0y finalizar\u00e1 en Senderos Rancho Blanco, de 3:10 a 3:40 PM.<\/p>\n","protected":false},"excerpt":{"rendered":"<p>*En apoyo de la econom\u00eda de las familias se ofrecer\u00e1 pescado y camar\u00f3n a bajo costo \u00a0Villa de \u00c1lvarez, Col. En apoyo a la econom\u00eda familiar, el Ayuntamiento de Villa de \u00c1lvarez ofrecer\u00e1 el programa social alimentario de pescado y camar\u00f3n a bajo costo en varias colonias del municipio.Los productos alimenticios son pescado tilapia, a&#8230;<\/p>\n","protected":false},"author":2,"featured_media":26401,"comment_status":"open","ping_status":"open","sticky":false,"template":"","format":"standard","meta":{"footnotes":""},"categories":[8,42],"tags":[29,30,28],"class_list":["post-26400","post","type-post","status-publish","format-standard","has-post-thumbnail","hentry","category-municipios","category-villa-de-alvarez","tag-grid","tag-news","tag-slider"],"_links":{"self":[{"href":"http:\/\/elobservatorio.com.mx\/index.php?rest_route=\/wp\/v2\/posts\/26400"}],"collection":[{"href":"http:\/\/elobservatorio.com.mx\/index.php?rest_route=\/wp\/v2\/posts"}],"about":[{"href":"http:\/\/elobservatorio.com.mx\/index.php?rest_route=\/wp\/v2\/types\/post"}],"author":[{"embeddable":true,"href":"http:\/\/elobservatorio.com.mx\/index.php?rest_route=\/wp\/v2\/users\/2"}],"replies":[{"embeddable":true,"href":"http:\/\/elobservatorio.com.mx\/index.php?rest_route=%2Fwp%2Fv2%2Fcomments&post=26400"}],"version-history":[{"count":0,"href":"http:\/\/elobservatorio.com.mx\/index.php?rest_route=\/wp\/v2\/posts\/26400\/revisions"}],"wp:featuredmedia":[{"embeddable":true,"href":"http:\/\/elobservatorio.com.mx\/index.php?rest_route=\/wp\/v2\/media\/26401"}],"wp:attachment":[{"href":"http:\/\/elobservatorio.com.mx\/index.php?rest_route=%2Fwp%2Fv2%2Fmedia&parent=26400"}],"wp:term":[{"taxonomy":"category","embeddable":true,"href":"http:\/\/elobservatorio.com.mx\/index.php?rest_route=%2Fwp%2Fv2%2Fcategories&post=26400"},{"taxonomy":"post_tag","embeddable":true,"href":"http:\/\/elobservatorio.com.mx\/index.php?rest_route=%2Fwp%2Fv2%2Ftags&post=26400"}],"curies":[{"name":"wp","href":"https:\/\/api.w.org\/{rel}","templated":true}]}}