{"id":26590,"date":"2023-04-25T23:40:55","date_gmt":"2023-04-26T05:40:55","guid":{"rendered":"http:\/\/elobservatorio.com.mx\/?p=26590"},"modified":"2023-04-25T23:40:55","modified_gmt":"2023-04-26T05:40:55","slug":"inauguran-corazon-en-casa-nueva-libreria-de-la-udec","status":"publish","type":"post","link":"http:\/\/elobservatorio.com.mx\/?p=26590","title":{"rendered":"Inauguran Coraz\u00f3n en Casa, nueva librer\u00eda de la UdeC"},"content":{"rendered":"<p><em>*El rector Christian Torres Ortiz se dijo convencido de que \u201cpronto ser\u00e1 uno de los espacios m\u00e1s importantes para la vida cultural y acad\u00e9mica, no s\u00f3lo de nuestra casa de estudios, sino de la sociedad en general\u201d.<\/em><\/p>\n<p>Con una oferta de m\u00e1s de 24 editoriales y cerca de 3 mil 800 libros al alcance del p\u00fablico, abri\u00f3 sus puertas este lunes la librer\u00eda universitaria Coraz\u00f3n en Casa, en un evento presidido por el rector de la Universidad de Colima, Christian Jorge Torres Ortiz Zerme\u00f1o y en el que la poeta Guillermina Cuevas y el m\u00fasico Ren\u00e9 Hern\u00e1ndez ofrecieron el espect\u00e1culo On\u00edricos para celebrar la ocasi\u00f3n.<\/p>\n<p>En su mensaje de bienvenida, el rector se\u00f1al\u00f3 que al conocer la propuesta de la librer\u00eda \u201cCoraz\u00f3n en Casa\u201d, hecha por la directora general de Servicios Universitarios, Ana Lilia Moreno Osegueda, le dio luz verde pronto, \u201ccon la convicci\u00f3n y seguridad de convertirlo en uno de los espacios m\u00e1s importantes para la vida cultural y acad\u00e9mica, no s\u00f3lo de nuestra casa de estudios, sino de la sociedad en general\u201d.<\/p>\n<p>Al estar fuera de los campus universitarios, a\u00f1adi\u00f3, la librer\u00eda puede convertirse f\u00e1cilmente en un espacio de encuentro para la sociedad colimense, ya que el visitante podr\u00e1 adquirir libros, pero tambi\u00e9n disfrutar de otras actividades culturales; \u201ceste ser\u00e1 un espacio donde podr\u00e1n convivir, reflexionar y coincidir alumnos, alumnas, docentes y amigos\u201d.<\/p>\n<p>Finalmente, asegur\u00f3 que la apertura de una librer\u00eda \u201ces una buena noticia, igual que la apertura de una nueva escuela o un espacio deportivo\u201d. Por \u00faltimo, destac\u00f3 el trabajo de la Direcci\u00f3n General de Servicios Universitarios al volver realidad esta iniciativa.<\/p>\n<p>Por su parte, Ana Lilia Moreno comparti\u00f3 que les llev\u00f3 dos meses materializar este proyecto; \u201ces un espacio que cuenta con el encanto de los libros, pero adem\u00e1s con un ambiente dise\u00f1ado especialmente para la lectura; contamos con m\u00e1s de 24 editoriales y la casa alberga m\u00e1s de 3 mil 800 libros\u201d.<\/p>\n<p>Dijo tambi\u00e9n que al interior de la librer\u00eda hay un espacio para el trueque de libros y que se contar\u00e1 adem\u00e1s con una agenda cultural con actividades los d\u00edas martes, mi\u00e9rcoles, jueves y s\u00e1bados, en las que las y los estudiantes tendr\u00e1n la oportunidad de acreditar sus actividades culturales; \u201cadem\u00e1s, los autores independientes que est\u00e9n interesados pueden acercarse a nosotros, ya que abriremos los d\u00edas jueves un espacio para la presentaci\u00f3n de libros de escritores de nuestro estado\u201d.<\/p>\n<p>Para terminar, coment\u00f3 que la idea es convertir a la librer\u00eda en un punto de reuni\u00f3n de estudiantes, trabajadores y sociedad, \u201cdonde las y los visitantes puedan enamorarse de los libros, y que sea tambi\u00e9n un punto para fomentar la lectura en nuestros estudiantes, en el que tengan tambi\u00e9n un acercamiento con nuestros grupos de Difusi\u00f3n Cultural\u201d.<\/p>\n<p>Tras el corte de list\u00f3n se realiz\u00f3, en el patio del inmueble, la presentaci\u00f3n art\u00edstica \u201cOn\u00edricos\u201d, con la intervenci\u00f3n del m\u00fasico y guitarrista Ren\u00e9 Hern\u00e1ndez y de la poeta Guillermina Cuevas, quien habl\u00f3 de la importancia y urgencia de contar con este tipo de recintos; \u201cesperamos convertir la librer\u00eda en un espacio recurrente para llevar a cabo talleres literarios y presentaciones art\u00edsticas y dar nuestra aportaci\u00f3n a un lugar ya de por s\u00ed hermoso\u201d, a\u00f1adi\u00f3.<\/p>\n<p>Al evento acudieron tambi\u00e9n, el Secretario General de la UdeC, Joel Nino; la coordinadora General Administrativa y Financiera, Erika Ulibarri Ireta; el presidente de la Federaci\u00f3n de Estudiantes Colimenses, Camilo Garc\u00eda Morales y el Artista Alfonso Cabrera.<\/p>\n<p>La librer\u00eda est\u00e1 ubicada en la calle Alfonso Sierra Partida No. 314, Jardines Vista Hermosa, Colima, con horarios de 11:00 am a 8:00 pm, de lunes a viernes, y de 11:00 am a 7:00 pm los s\u00e1bados. Habr\u00e1 descuentos del 20 % para libros de editoriales externas y hasta del 40% en obras editadas por la Universidad.<\/p>\n<p>&nbsp;<\/p>\n","protected":false},"excerpt":{"rendered":"<p>*El rector Christian Torres Ortiz se dijo convencido de que \u201cpronto ser\u00e1 uno de los espacios m\u00e1s importantes para la vida cultural y acad\u00e9mica, no s\u00f3lo de nuestra casa de estudios, sino de la sociedad en general\u201d. Con una oferta de m\u00e1s de 24 editoriales y cerca de 3 mil 800 libros al alcance del&#8230;<\/p>\n","protected":false},"author":2,"featured_media":26591,"comment_status":"open","ping_status":"open","sticky":false,"template":"","format":"standard","meta":{"footnotes":""},"categories":[14],"tags":[29,30,28],"class_list":["post-26590","post","type-post","status-publish","format-standard","has-post-thumbnail","hentry","category-educacion-y-cultura","tag-grid","tag-news","tag-slider"],"_links":{"self":[{"href":"http:\/\/elobservatorio.com.mx\/index.php?rest_route=\/wp\/v2\/posts\/26590"}],"collection":[{"href":"http:\/\/elobservatorio.com.mx\/index.php?rest_route=\/wp\/v2\/posts"}],"about":[{"href":"http:\/\/elobservatorio.com.mx\/index.php?rest_route=\/wp\/v2\/types\/post"}],"author":[{"embeddable":true,"href":"http:\/\/elobservatorio.com.mx\/index.php?rest_route=\/wp\/v2\/users\/2"}],"replies":[{"embeddable":true,"href":"http:\/\/elobservatorio.com.mx\/index.php?rest_route=%2Fwp%2Fv2%2Fcomments&post=26590"}],"version-history":[{"count":0,"href":"http:\/\/elobservatorio.com.mx\/index.php?rest_route=\/wp\/v2\/posts\/26590\/revisions"}],"wp:featuredmedia":[{"embeddable":true,"href":"http:\/\/elobservatorio.com.mx\/index.php?rest_route=\/wp\/v2\/media\/26591"}],"wp:attachment":[{"href":"http:\/\/elobservatorio.com.mx\/index.php?rest_route=%2Fwp%2Fv2%2Fmedia&parent=26590"}],"wp:term":[{"taxonomy":"category","embeddable":true,"href":"http:\/\/elobservatorio.com.mx\/index.php?rest_route=%2Fwp%2Fv2%2Fcategories&post=26590"},{"taxonomy":"post_tag","embeddable":true,"href":"http:\/\/elobservatorio.com.mx\/index.php?rest_route=%2Fwp%2Fv2%2Ftags&post=26590"}],"curies":[{"name":"wp","href":"https:\/\/api.w.org\/{rel}","templated":true}]}}