{"id":26593,"date":"2023-04-25T23:54:21","date_gmt":"2023-04-26T05:54:21","guid":{"rendered":"http:\/\/elobservatorio.com.mx\/?p=26593"},"modified":"2023-04-25T23:54:21","modified_gmt":"2023-04-26T05:54:21","slug":"participa-rector-en-segunda-mesa-plenaria-sobre-seguridad-y-justicia","status":"publish","type":"post","link":"http:\/\/elobservatorio.com.mx\/?p=26593","title":{"rendered":"Participa rector en segunda mesa plenaria sobre seguridad y justicia"},"content":{"rendered":"<p>En nombre de la comunidad universitaria, el rector de la Universidad de Colima, Christian Jorge Torres Ortiz Zerme\u00f1o particip\u00f3 en la segunda reuni\u00f3n plenaria de la Mesa de Seguridad y Justicia de Colima -Villa de \u00c1lvarez, que presidi\u00f3 la gobernadora Indira Vizca\u00edno Silva en el complejo administrativo del Gobierno del Estado. La reuni\u00f3n fue organizada por M\u00e9xico SOS, las alcald\u00edas de Colima y Villa de \u00c1lvarez y por la Red Nacional de Mesas Ciudadanas de Seguridad y Justicia.<\/p>\n","protected":false},"excerpt":{"rendered":"<p>En nombre de la comunidad universitaria, el rector de la Universidad de Colima, Christian Jorge Torres Ortiz Zerme\u00f1o particip\u00f3 en la segunda reuni\u00f3n plenaria de la Mesa de Seguridad y Justicia de Colima -Villa de \u00c1lvarez, que presidi\u00f3 la gobernadora Indira Vizca\u00edno Silva en el complejo administrativo del Gobierno del Estado. La reuni\u00f3n fue organizada&#8230;<\/p>\n","protected":false},"author":2,"featured_media":26594,"comment_status":"open","ping_status":"open","sticky":false,"template":"","format":"standard","meta":{"footnotes":""},"categories":[14,19],"tags":[29,30,28],"class_list":["post-26593","post","type-post","status-publish","format-standard","has-post-thumbnail","hentry","category-educacion-y-cultura","category-fotonotas","tag-grid","tag-news","tag-slider"],"_links":{"self":[{"href":"http:\/\/elobservatorio.com.mx\/index.php?rest_route=\/wp\/v2\/posts\/26593"}],"collection":[{"href":"http:\/\/elobservatorio.com.mx\/index.php?rest_route=\/wp\/v2\/posts"}],"about":[{"href":"http:\/\/elobservatorio.com.mx\/index.php?rest_route=\/wp\/v2\/types\/post"}],"author":[{"embeddable":true,"href":"http:\/\/elobservatorio.com.mx\/index.php?rest_route=\/wp\/v2\/users\/2"}],"replies":[{"embeddable":true,"href":"http:\/\/elobservatorio.com.mx\/index.php?rest_route=%2Fwp%2Fv2%2Fcomments&post=26593"}],"version-history":[{"count":0,"href":"http:\/\/elobservatorio.com.mx\/index.php?rest_route=\/wp\/v2\/posts\/26593\/revisions"}],"wp:featuredmedia":[{"embeddable":true,"href":"http:\/\/elobservatorio.com.mx\/index.php?rest_route=\/wp\/v2\/media\/26594"}],"wp:attachment":[{"href":"http:\/\/elobservatorio.com.mx\/index.php?rest_route=%2Fwp%2Fv2%2Fmedia&parent=26593"}],"wp:term":[{"taxonomy":"category","embeddable":true,"href":"http:\/\/elobservatorio.com.mx\/index.php?rest_route=%2Fwp%2Fv2%2Fcategories&post=26593"},{"taxonomy":"post_tag","embeddable":true,"href":"http:\/\/elobservatorio.com.mx\/index.php?rest_route=%2Fwp%2Fv2%2Ftags&post=26593"}],"curies":[{"name":"wp","href":"https:\/\/api.w.org\/{rel}","templated":true}]}}